{"id":599,"date":"2013-03-25T14:33:42","date_gmt":"2013-03-25T14:33:42","guid":{"rendered":"http:\/\/ntmu.net\/?p=599"},"modified":"2013-05-19T07:09:40","modified_gmt":"2013-05-19T07:09:40","slug":"de-cual-fuente-brotaron-tus-creencias","status":"publish","type":"post","link":"https:\/\/ntmu.net\/?p=599","title":{"rendered":"\u00bfDe Cu\u00e1l Fuente brotaron tus creencias?"},"content":{"rendered":"<p align=\"center\"><a href=\"https:\/\/i2.wp.com\/ntmu.net\/wp-content\/uploads\/2013\/03\/Agapito_clip_image002.jpg\"><img data-attachment-id=\"598\" data-permalink=\"https:\/\/ntmu.net\/?attachment_id=598\" data-orig-file=\"https:\/\/i2.wp.com\/ntmu.net\/wp-content\/uploads\/2013\/03\/Agapito_clip_image002.jpg?fit=795%2C230&amp;ssl=1\" data-orig-size=\"795,230\" data-comments-opened=\"0\" data-image-meta=\"{&quot;aperture&quot;:&quot;0&quot;,&quot;credit&quot;:&quot;&quot;,&quot;camera&quot;:&quot;&quot;,&quot;caption&quot;:&quot;&quot;,&quot;created_timestamp&quot;:&quot;0&quot;,&quot;copyright&quot;:&quot;&quot;,&quot;focal_length&quot;:&quot;0&quot;,&quot;iso&quot;:&quot;0&quot;,&quot;shutter_speed&quot;:&quot;0&quot;,&quot;title&quot;:&quot;&quot;}\" data-image-title=\"Agapito_clip_image002\" data-image-description=\"\" data-medium-file=\"https:\/\/i2.wp.com\/ntmu.net\/wp-content\/uploads\/2013\/03\/Agapito_clip_image002.jpg?fit=300%2C86&amp;ssl=1\" data-large-file=\"https:\/\/i2.wp.com\/ntmu.net\/wp-content\/uploads\/2013\/03\/Agapito_clip_image002.jpg?fit=795%2C230&amp;ssl=1\" loading=\"lazy\" class=\"alignnone  wp-image-598\" alt=\"Agapito_clip_image002\" src=\"https:\/\/i2.wp.com\/ntmu.net\/wp-content\/uploads\/2013\/03\/Agapito_clip_image002.jpg?resize=636%2C184\" width=\"636\" height=\"184\" srcset=\"https:\/\/i2.wp.com\/ntmu.net\/wp-content\/uploads\/2013\/03\/Agapito_clip_image002.jpg?w=795&amp;ssl=1 795w, https:\/\/i2.wp.com\/ntmu.net\/wp-content\/uploads\/2013\/03\/Agapito_clip_image002.jpg?resize=300%2C86&amp;ssl=1 300w\" sizes=\"(max-width: 636px) 100vw, 636px\" data-recalc-dims=\"1\" \/><\/a><\/p>\n<p align=\"center\"><b>Se trata de tus creencias&#8230; <\/b><\/p>\n<p align=\"center\"><b><i>\u00bfde d\u00f3nde brotaron?\u00a0\u00a0\u00a0 <\/i><\/b><\/p>\n<p align=\"center\"><strong><i>\u00a0<\/i>Jaime van Heiningen<\/strong><\/p>\n<p align=\"center\"><b><i><br \/>\n<\/i><\/b><\/p>\n<p align=\"center\"><a href=\"https:\/\/i0.wp.com\/ntmu.net\/wp-content\/uploads\/2013\/03\/image0074.jpg\"><img data-attachment-id=\"601\" data-permalink=\"https:\/\/ntmu.net\/?attachment_id=601\" data-orig-file=\"https:\/\/i0.wp.com\/ntmu.net\/wp-content\/uploads\/2013\/03\/image0074.jpg?fit=131%2C255&amp;ssl=1\" data-orig-size=\"131,255\" data-comments-opened=\"0\" data-image-meta=\"{&quot;aperture&quot;:&quot;0&quot;,&quot;credit&quot;:&quot;&quot;,&quot;camera&quot;:&quot;&quot;,&quot;caption&quot;:&quot;&quot;,&quot;created_timestamp&quot;:&quot;0&quot;,&quot;copyright&quot;:&quot;&quot;,&quot;focal_length&quot;:&quot;0&quot;,&quot;iso&quot;:&quot;0&quot;,&quot;shutter_speed&quot;:&quot;0&quot;,&quot;title&quot;:&quot;&quot;}\" data-image-title=\"image007\" data-image-description=\"\" data-medium-file=\"https:\/\/i0.wp.com\/ntmu.net\/wp-content\/uploads\/2013\/03\/image0074.jpg?fit=131%2C255&amp;ssl=1\" data-large-file=\"https:\/\/i0.wp.com\/ntmu.net\/wp-content\/uploads\/2013\/03\/image0074.jpg?fit=131%2C255&amp;ssl=1\" loading=\"lazy\" class=\"size-full wp-image-601 alignleft\" style=\"margin: 10px;\" alt=\"image007\" src=\"https:\/\/i0.wp.com\/ntmu.net\/wp-content\/uploads\/2013\/03\/image0074.jpg?resize=131%2C255\" width=\"131\" height=\"255\" data-recalc-dims=\"1\" \/><\/a>Principalmente hay dos fuentes: la de <b>Las Escrituras<\/b> y la del <b>Romanismo<\/b>.<a href=\"https:\/\/i1.wp.com\/ntmu.net\/wp-content\/uploads\/2013\/03\/image0057.jpg\"><img data-attachment-id=\"600\" data-permalink=\"https:\/\/ntmu.net\/?attachment_id=600\" data-orig-file=\"https:\/\/i1.wp.com\/ntmu.net\/wp-content\/uploads\/2013\/03\/image0057.jpg?fit=140%2C258&amp;ssl=1\" data-orig-size=\"140,258\" data-comments-opened=\"0\" data-image-meta=\"{&quot;aperture&quot;:&quot;0&quot;,&quot;credit&quot;:&quot;&quot;,&quot;camera&quot;:&quot;&quot;,&quot;caption&quot;:&quot;&quot;,&quot;created_timestamp&quot;:&quot;0&quot;,&quot;copyright&quot;:&quot;&quot;,&quot;focal_length&quot;:&quot;0&quot;,&quot;iso&quot;:&quot;0&quot;,&quot;shutter_speed&quot;:&quot;0&quot;,&quot;title&quot;:&quot;&quot;}\" data-image-title=\"image005\" data-image-description=\"\" data-medium-file=\"https:\/\/i1.wp.com\/ntmu.net\/wp-content\/uploads\/2013\/03\/image0057.jpg?fit=140%2C258&amp;ssl=1\" data-large-file=\"https:\/\/i1.wp.com\/ntmu.net\/wp-content\/uploads\/2013\/03\/image0057.jpg?fit=140%2C258&amp;ssl=1\" loading=\"lazy\" class=\"size-full wp-image-600 alignright\" style=\"margin: 10px;\" alt=\"image005\" src=\"https:\/\/i1.wp.com\/ntmu.net\/wp-content\/uploads\/2013\/03\/image0057.jpg?resize=140%2C258\" width=\"140\" height=\"258\" data-recalc-dims=\"1\" \/><\/a><\/p>\n<p align=\"center\">No es que la &#8220;fuente romana&#8221; no tenga ciertas verdades b\u00edblicas incorporadas. S\u00ed, las tiene, pero \u00e9stas han sido sagazmente entrelazadas con conceptos contrarios, conceptos antib\u00edblicos; no s\u00f3lo entrelazadas, sino supeditadas a los mismos. Nos referimos a todo lo que en la &#8220;fuente romana&#8221; proviene del antiguo culto de Babilonia, de las filosof\u00edas de Atenas y de las pr\u00e1cticas paganas de la vieja Roma, conceptos, por cierto, irreconciliables con la soberana e inalterable Palabra de Dios.<\/p>\n<p align=\"center\">Reproducimos m\u00e1s adelante la larga lista de <b>75<\/b> \u201cinnovaciones\u201d &#8211;<br \/>\nintroducidas a trav\u00e9s de\u00a0 <b>66<\/b><b> <\/b>\u00a0a\u00f1os distintos &#8211; a lo largo de 18 siglos,<br \/>\ninmediatamente seguida de veinte amplias y contundentes respuestas b\u00edblicas.<\/p>\n<p align=\"center\">Pero, antes de otra cosa, har\u00e1 bien el lector en fijarse en el testimonio expl\u00edcito de uno que <b>no<\/b> quiso saber <b>nada<\/b> de innovaciones,<br \/>\nque huy\u00f3 de toda adulteraci\u00f3n de la Palabra de Dios.<br \/>\nEs el testimonio del ap\u00f3stol Pablo en 2\u00aa Corintios 4:2, cuando habla de parte de todos los ap\u00f3stoles:<\/p>\n<p align=\"center\"><a href=\"https:\/\/i2.wp.com\/ntmu.net\/wp-content\/uploads\/2013\/03\/image011.jpg\"><img data-attachment-id=\"602\" data-permalink=\"https:\/\/ntmu.net\/?attachment_id=602\" data-orig-file=\"https:\/\/i2.wp.com\/ntmu.net\/wp-content\/uploads\/2013\/03\/image011.jpg?fit=680%2C183&amp;ssl=1\" data-orig-size=\"680,183\" data-comments-opened=\"0\" data-image-meta=\"{&quot;aperture&quot;:&quot;0&quot;,&quot;credit&quot;:&quot;&quot;,&quot;camera&quot;:&quot;&quot;,&quot;caption&quot;:&quot;&quot;,&quot;created_timestamp&quot;:&quot;0&quot;,&quot;copyright&quot;:&quot;&quot;,&quot;focal_length&quot;:&quot;0&quot;,&quot;iso&quot;:&quot;0&quot;,&quot;shutter_speed&quot;:&quot;0&quot;,&quot;title&quot;:&quot;&quot;}\" data-image-title=\"image011\" data-image-description=\"\" data-medium-file=\"https:\/\/i2.wp.com\/ntmu.net\/wp-content\/uploads\/2013\/03\/image011.jpg?fit=300%2C80&amp;ssl=1\" data-large-file=\"https:\/\/i2.wp.com\/ntmu.net\/wp-content\/uploads\/2013\/03\/image011.jpg?fit=680%2C183&amp;ssl=1\" loading=\"lazy\" width=\"680\" height=\"183\" class=\"alignnone size-medium wp-image-602\" alt=\"image011\" src=\"https:\/\/i2.wp.com\/ntmu.net\/wp-content\/uploads\/2013\/03\/image011.jpg?resize=680%2C183\" srcset=\"https:\/\/i2.wp.com\/ntmu.net\/wp-content\/uploads\/2013\/03\/image011.jpg?w=680&amp;ssl=1 680w, https:\/\/i2.wp.com\/ntmu.net\/wp-content\/uploads\/2013\/03\/image011.jpg?resize=300%2C80&amp;ssl=1 300w\" sizes=\"(max-width: 680px) 100vw, 680px\" data-recalc-dims=\"1\" \/><\/a><\/p>\n<p><b>Pron\u00f3stico divino<\/b><\/p>\n<p>Para muchos cristianos, no muy familiarizados con el \u201cromanismo\u201d, tal lista de innovaciones romanas pueda parecer incre\u00edble, pero es importante que se despierten a la cruda realidad de un cristianismo-sin-Cristo. Las corrientes ap\u00f3statas estaban ampliamente profetizadas por los profetas, por el mismo Salvador y por sus ap\u00f3stoles. Basten dos ejemplos de los labios de Jes\u00fas:<br \/>\n<i>\u201cGuardaos de los falsos profetas, que vienen a vosotros con vestidos de ovejas, pero por dentro son lobos rapaces. Por sus frutos los conocer\u00e9is. \u00bfAcaso se recogen uvas de los espinos, o higos de los abrojos? As\u00ed, todo buen \u00e1rbol da buenos frutos, pero el \u00e1rbol malo da frutos malos. No puede el buen \u00e1rbol dar malos frutos, ni el \u00e1rbol malo dar frutos buenos. Todo \u00e1rbol que no da buen fruto, es cortado y echado en el fuego. As\u00ed que, por sus frutos los conocer\u00e9is.<br \/>\n<\/i><\/p>\n<p><i>No todo el que me dice: \u2018Se\u00f1or, Se\u00f1or\u2019, entrar\u00e1 en el reino de los cielos, sino el que hace la voluntad de mi Padre que est\u00e1 en los cielos. Muchos me dir\u00e1n en aquel d\u00eda: \u2018Se\u00f1or, Se\u00f1or, \u00bfno profetizamos en tu nombre, y en tu nombre echamos fuera demonios, y en tu nombre hicimos muchos milagros?\u2019 Y entonces les declarar\u00e9: \u2018\u00a1Nunca os conoc\u00ed; apartaos de m\u00ed, hacedores de maldad!\u2019\u201d<\/i> (Mateo 7:15-23)<b> <\/b><\/p>\n<p>En la par\u00e1bola del \u201ctrigo y la ciza\u00f1a\u201d nos dej\u00f3 otra advertencia. La ciza\u00f1a, introducida por \u201cun enemigo\u201d, <b>no<\/b> es arrancada. Al contrario, tiene que crecer en el campo del \u201cmundo\u201d <b><i>con <\/i><\/b>el trigo<b>, <\/b><i>\u201c<b>juntamente lo uno y lo otro <span style=\"text-decoration: underline;\">hasta<\/span> la siega<\/b>\u201d <\/i>(Mt. 13:24-43).<\/p>\n<p><b>Estrategia<\/b><\/p>\n<p>El Maestro nos quiere abrir los ojos a la estrategia del \u201cenemigo\u201d, y lo hace por medio de los <i>\u201cmisterios del reino\u201d<\/i> (Mt. 13:10-11). En este cap\u00edtulo de Mateo usa siete peque\u00f1as historietas, llamadas par\u00e1bolas, y ya en la primera nos habla de \u201clas aves\u201d. Explica que ellas representan al \u201cmalo\u201d, es decir, a Satan\u00e1s y sus demonios. \u00bfQu\u00e9 es lo que hacen las \u201caves\u201d? Ellas se encargan de quitar la \u201csemilla de la palabra del reino\u201d del coraz\u00f3n del oyente.<\/p>\n<p>Las aves surgen de nuevo en la tercera par\u00e1bola, la de la \u201csemilla de mostaza\u201d. La mostaza, muy peque\u00f1a y muy insignificante, representa un principio de verdadera \u201cvida\u201d, vida din\u00e1mica, no la vida que cuente para este mundo, sino la que cuenta para Dios. Una vez sembrada, la vida empieza a crecer y crecer\u2026 Luego, de arbusto normal, se hace, asombrosamente, \u00e1rbol anormal. Ya es enorme; ya no tiene nada de \u201cinsignificante\u201d. Es cuando las \u201caves\u201d saben aprovechar la situaci\u00f3n\u2026 Vienen volando, se infiltran, se esconden y se instalan c\u00f3modamente entre las muchas ramas\u2026<\/p>\n<p>El Salvador no podr\u00eda habernos pintado un cuadro m\u00e1s escueto y fiel, a la vez que dram\u00e1tico, de lo que \u00c9l percib\u00eda del futuro. Ve\u00eda proyectado delante de s\u00ed todo el desarrollo descomunal del \u201ccristianismo oficial\u201d. Por maravillosos que fueran sus principios, tambi\u00e9n las otras corrientes y la dimensi\u00f3n demon\u00edaca estaban abiertas delante de \u00c9l.<\/p>\n<p>Para nosotros, los que miramos hacia atr\u00e1s, la misma historia del cristianismo nos ha venido confirmando su realidad\u2026 Ni bien ha muerto el \u00faltimo de los doce ap\u00f3stoles, cuando ya, a principios del siglo segundo, se empa\u00f1an la sencillez y la pureza del Evangelio de Cristo, juntamente con la naturalidad espiritual de la iglesia. Pudieran parecernos cosas de poca monta, pero el desarrollo no para, cada vez cobra m\u00e1s \u00edmpetu\u2026 Es en Apocalipsis, precisamente escrito por ese \u00faltimo ap\u00f3stol, donde vemos su forma madura y extrema. Es tan espectacular que Juan, al verla en su visi\u00f3n, exclama: <i>\u201cCuando la vi, \u00a1qued\u00e9 asombrado con gran asombro!\u201d<\/i> (17:6).<\/p>\n<p>El Maestro, en Juan 10:10, hab\u00eda resumido as\u00ed la estrategia del gran ladr\u00f3n<b>:<\/b> \u201churto, homicidio y destrucci\u00f3n\u201d. Lo que ahora estamos viendo puede, similarmente, resumirse en las siguientes estratagemas<b>:<\/b> infiltraci\u00f3n disimulada, dominaci\u00f3n despiadada, corrupci\u00f3n devastadora. \u00a1Qu\u00e9 significativo que al final de la larga lista de las \u201cmercader\u00edas\u201d de ese \u201ccristianismo oficial\u201d figuren tambi\u00e9n <i>\u201calmas de hombres\u201d<\/i>\u2026<i>!<\/i> (Ap. 18:11-13)<\/p>\n<p><b>El remanente<\/b><\/p>\n<p>No obstante, como en tiempos del Antiguo Testamento, ahora tambi\u00e9n, el Se\u00f1or se reserva un &#8220;remanente&#8221;, que consiste de los hombres y mujeres que esquivan cualquier &#8220;fuente&#8221; de inspiraci\u00f3n o revelaci\u00f3n que no sea la de Las Escrituras. Ese remanente perdura hasta hoy. La &#8220;Iglesia de Roma&#8221; puede haber retrocedido, pero <i>&#8220;el justo vivir\u00e1 por fe; y si retrocediere, no agradar\u00e1 a mi alma. Pero nosotros no somos de los que retroceden para perdici\u00f3n, sino de los que tienen fe para preservaci\u00f3n del alma&#8221;<\/i> (Hebreos 10:38-39).<br \/>\nSe perfila una divisi\u00f3n de los caminos, as\u00ed como se dividiera el \u201ccamino de Abel\u201d del \u201ccamino de Ca\u00edn\u201d (G\u00e9nesis 4). Ca\u00edn no necesitaba que Dios le ense\u00f1ara nada acerca de la adoraci\u00f3n; \u00a1\u00e9l se reservaba el derecho de adorar como \u00e9l quer\u00eda! Mientras tanto, Abel estaba pendiente de su Dios&#8230;\u00a0 Esa misma divisi\u00f3n se ha hecho cada vez m\u00e1s pronunciada. Y, como en el caso de los dos hermanos, siempre le sigue el terrible conflicto.<\/p>\n<p>Si para el mismo Mes\u00edas no hab\u00eda tolerancia, ni siquiera con los que tan religiosamente profesaban la fe de Abraham y Mois\u00e9s, entonces para el remanente de tiempos neo-testamentarios no puede esperarse otra cosa. Jes\u00fas nos lo dijo con \u00e9stas (y con otras muchas) palabras: <i>&#8220;os entregar\u00e1n a los concilios, y en las sinagogas os azotar\u00e1n; y delante de gobernadores y de reyes os llevar\u00e1n por causa de m\u00ed, para testimonio a ellos&#8221; <\/i>(Marcos 13:9). En la lista de abajo est\u00e1n marcados algunos de los a\u00f1os en que, de parte de Roma, se desatan nuevas olas de indecibles sufrimientos para el remanente fiel. Uno de los a\u00f1os que destacan es el <b>1563<\/b>.<\/p>\n<p>Sin embargo, maravilla de maravillas, como en el tiempo de Jes\u00fas, con un Jos\u00e9 de Arimatea y un Nicodemo, Dios puede reservarse un remanente donde nadie sospeche de su existencia. Jos\u00e9 y Nicodemo eran miembros del Sanedr\u00edn (alto Consejo de los jud\u00edos en Jerusal\u00e9n), pero \u00a1ellos no participaron en la condena del Mes\u00edas! Eran disc\u00edpulos secretos, usados por su Se\u00f1or para luego dar sepultura al cuerpo de Jes\u00fas.<\/p>\n<p>En la Biblia el concepto de \u201cremanente\u201d tiene gran importancia; la palabra es usada 49 veces (7&#215;7). En la corte del malvado Rey Acab hab\u00eda un Abd\u00edas, mayordomo del mismo rey. Con gran riesgo para su vida, escond\u00eda y alimentaba, clandestinamente, a cien profetas del Se\u00f1or (1\u00ba Reyes 18).<\/p>\n<p>Tenemos un indicio del remanente a finales del Antiguo Testamento, un remanente que perdurar\u00eda hasta el mismo principio de los evangelios. Eran tiempos de rebeli\u00f3n y falsa religiosidad, pero, en medio de todo ello, est\u00e1n estas palabras del profeta Malaqu\u00edas: <i>\u201cEntonces los que tem\u00edan al <b>Se\u00f1or<\/b> hablaron cada uno a su compa\u00f1ero; y el <b>Se\u00f1or<\/b> escuch\u00f3 y oy\u00f3, y fue escrito libro de memoria delante de \u00e9l para los que temen al <b>Se\u00f1or<\/b>, y para los que piensan en su nombre. Y ser\u00e1n para m\u00ed especial tesoro\u2026\u201d <\/i>(Mal. 3:16-17).<\/p>\n<p>As\u00ed, dentro de la misma iglesia de Roma, <b><i>queda<\/i><\/b> un remanente&#8230; Aunque nosotros no entendamos c\u00f3mo puedan estar all\u00ed todav\u00eda, Dios todo lo sabe y los conoce. El caso es que, antes de su total destrucci\u00f3n, Dios, desde el cielo, advierte a esos siervos suyos: <i>\u201c<b>Salid de ella<\/b>, <b>pueblo m\u00edo<\/b>, para que no se\u00e1is part\u00edcipes de sus pecados, ni recib\u00e1is parte de sus plagas; porque sus pecados han llegado hasta el cielo, y Dios se ha acordado de sus maldades\u201d <\/i>(Ap. 18).<\/p>\n<p><b>Babilonia la Grande <\/b><\/p>\n<p>Bien <i>al principio<\/i> del NT &#8211; en las par\u00e1bolas de Mateo 13 &#8211; encontramos el divino pron\u00f3stico de lo que, durante muchos siglos, ser\u00eda el desarrollo del cristianismo, el \u201creino-de-los-cielos\u201d-en-la-tierra. Ya vimos que las \u201caves\u201d son una clave importante. \u00bfY qu\u00e9 descubrimos proyectado <i>al final<\/i> del NT? Hay un dram\u00e1tico desenlace y \u00a1de nuevo nos encontramos con las \u201caves\u201d! Esta vez son desenmascaradas con todo lo que representan\u2026<\/p>\n<p>Para toda claridad es esencial tener en cuenta que en Apocalipsis el nombre codificado para Roma es \u201c<b>Babilonia<\/b>\u201d. La ciudad de Roma, igual como antes la ciudad de Babilonia, era la capital y el eje del mundo, s\u00f3lo que Roma, como ciudad, como imperio y como sistema, era mucho m\u00e1s grande que Babilonia, mereci\u00e9ndose el t\u00edtulo de \u201c<span style=\"text-decoration: underline;\">Babilonia la Grande <\/span>\u201d. Para Dios, no s\u00f3lo la ciudad o el imperio, sino tambi\u00e9n el sistema religioso, eclesi\u00e1stico, que se autodenominar\u00eda con el nombre de \u201cRoma\u201d, iba a estar identificado con ese t\u00edtulo de \u201cBabilonia\u201d. Los antiguos \u201cmisterios\u201d y \u201cs\u00edmbolos\u201d religiosos de la original Babilonia, efectivamente, est\u00e1n en buena parte incorporados en las doctrinas, dogmas, concilios, jerarqu\u00edas, santuarios, im\u00e1genes, tradiciones, cultos, liturgias, etc. de la iglesia de Roma.<\/p>\n<p>Aunque su t\u00edtulo de \u201cBabilonia la Grande \u201d pudiera causar alguna confusi\u00f3n, no es dif\u00edcil en Apocalipsis 17 identificar a la iglesia de Roma a trav\u00e9s de lo que el ap\u00f3stol Juan ve\u00eda. Por ejemplo, al decir, <i>\u201cestaba vestida de <b>p\u00farpura<\/b> y <b>escarlata<\/b>, y adornada de oro, de piedras preciosas y de perlas\u201d, <\/i>Dios nos recuerda sobre las vestimentas, ornamentos y pompas tan habituales de sus altos cl\u00e9rigos, y ostentadas en sus rituales, im\u00e1genes, procesiones, etc.<\/p>\n<p>El estar <i>\u201cebria de la sangre de los santos, y de la sangre de los m\u00e1rtires de Jes\u00fas\u201d<\/i> es una clara referencia a los r\u00edos de sangre, derramada en sus \u201cinquisiciones\u201d y dem\u00e1s persecuciones, las que llev\u00f3 a cabo a trav\u00e9s de los siglos. Los <i>\u201csiete montes, sobre los cuales se sienta la mujer\u201d<\/i> no pueden sino aludir a la topograf\u00eda de la ciudad de Roma con sus \u201csiete montes\u201d. Pero cuando el Se\u00f1or le dice a Juan: <i>\u201cLas aguas que has visto donde la ramera se sienta, son pueblos, muchedumbres, naciones y lenguas\u201d,<\/i> le hace notar que la iglesia de Roma no est\u00e1 confinada a Roma, sino que tiene car\u00e1cter global.<\/p>\n<p>Son siete veces, ya a partir de 1\u00aa Pedro 5:13, que el nombre para Roma y su \u201cIglesia\u201d es \u201cBabilonia\u201d; las \u00faltimas tres en Apocalipsis 18. All\u00ed encontramos descrita su suerte final: <i>&#8220;Despu\u00e9s de esto vi a otro \u00e1ngel descender del cielo con gran poder; y la tierra fue alumbrada con su gloria. Y clam\u00f3 con voz potente, diciendo: \u2018Ha ca\u00eddo, ha ca\u00eddo la gran Babilonia, y se ha hecho habitaci\u00f3n de <b>demonios<\/b> y guarida de todo <b>esp\u00edritu inmundo<\/b>, y albergue de toda <b>ave inmunda y aborrecible<\/b><\/i>\u2019<i>&#8221; <\/i>(Apocalipsis 18:1-2; compara 1\u00aa Timoteo 4:1-3). Para Dios la iglesia de Roma ha sido, y es, <i>&#8220;habitaci\u00f3n, guarida y albergue de todo lo inmundo y aborrecible&#8221;.<\/i> \u00a1Hoy est\u00e1n impactando en todo el mundo las revelaciones espantosas! \u00a1M\u00e1s que nunca antes! Salen a la luz hoy, pero son el preludio de su ca\u00edda estrepitosa ma\u00f1ana.<\/p>\n<p><b>Gracias por la gracia<\/b><\/p>\n<p>En contraste con las <b><i>\u201cfuentes romanas\u201d<\/i><\/b>, el Salvador ofrece, y da, <b><i>\u201cagua viva\u201d <\/i><\/b>al que tiene sed de luz, de perd\u00f3n, de vida eterna, de paz y de seguridad. Son las grandes necesidades del ser humano, que no son respondidas en ninguna otra parte.<\/p>\n<p>\u00a1Lo que el Salvador ofrece es <i>sin<\/i> precio! La mente humana, por otra parte \u2013 fruct\u00edfera, enga\u00f1osa e inspirada por una mente maligna superior &#8211; ha pretendido mejorar el ofrecimiento divino, y venderlo a un alto precio. \u00bfQu\u00e9 es lo que as\u00ed logr\u00f3 el hombre? Logr\u00f3 que sus m\u00faltiples <b><i>tradiciones<\/i><\/b><i>, <b>maquinaciones<\/b> y <b>supersticiones<\/b><\/i> enturbiaran y envenenaran las aguas puras y cristalinas del evangelio del amor de Dios.<\/p>\n<p>Pero, a pesar de tales obst\u00e1culos, y s\u00f3lo por la gracia de Dios, incontables hombres y mujeres, a trav\u00e9s de los siglos, \u00a1bebieron de la \u00fanica fuente verdadera! Encontraron plena satisfacci\u00f3n en las aguas puras del sencillo evangelio b\u00edblico. \u00a1Ellos son <b>los redimidos del Se\u00f1or<\/b>! En alg\u00fan momento, entre el d\u00eda de Pentecost\u00e9s (cuando nace la iglesia de Cristo) y el d\u00eda del Arrebatamiento (cuando su Se\u00f1or la recoge), \u201c<b>pasaron de muerte a vida<\/b>\u201d (Jn. 5:24), es decir, recibieron de todo coraz\u00f3n a Jesucristo como Salvador y Se\u00f1or de su vida (Jn. 1:12-13). Ah\u00ed entraron a formar parte, no necesariamente de una \u201cdenominaci\u00f3n\u201d eclesi\u00e1stica terrenal, sino de \u201c<b>la iglesia del Se\u00f1or, la cual \u00e9l gan\u00f3 por su propia sangre<\/b>\u201d (Hechos 20:28).<\/p>\n<p>\u00bfPor qu\u00e9 este cuerpo de creyentes se llama \u201c<b>iglesia del Se\u00f1or<\/b>\u201d? \u00a1Porque Jesucristo es su Arquitecto, su Constructor, su Fundamento, su Sumo Sacerdote, su Cabeza, su Pastor y su Esposo!<\/p>\n<p><b>\u00bfQu\u00e9 de su construcci\u00f3n?<\/b><\/p>\n<p>Cuando Pedro confiesa <b><i>\u201c\u00a1T\u00fa eres el Cristo, el Hijo del Dios Viviente!\u201d<\/i><\/b><i>,<\/i> Jes\u00fas promete edificar <b>Su<\/b> iglesia sobre este \u00fanico fundamento. No sobre un \u201cSan Pedro\u201d, sino sobre lo enunciado por Pedro, el disc\u00edpulo. No existe otro fundamente v\u00e1lido. Dice Jes\u00fas:<i> \u201c<b>Sobre esta roca edificar\u00e9 mi iglesia<\/b>\u201d<\/i><i> <\/i>(Mt. 16:16-18).<\/p>\n<p>Pensando en su \u201cconstrucci\u00f3n\u201d a trav\u00e9s de los siglos, \u00bfqu\u00e9 conclusiones sacamos? \u00bfQue el Arquitecto y Constructor, al final, debi\u00f3 de dejar el asunto en manos de hombres? \u00bfQu\u00e9 nosotros, por iniciativa propia, seg\u00fan nuestro criterio y con capacidad humana, proveamos materiales, intervengamos en la construcci\u00f3n, alteremos detalles del plan divino, etc.? \u00bfDio Cristo provisi\u00f3n para que \u201csantos concilios\u201d decreten y solemnicen lo que para Dios no es sino abominaci\u00f3n? Jes\u00fas dijo: <i>\u201cVosotros sois los que os justific\u00e1is a vosotros mismos delante de los hombres; mas Dios conoce vuestros corazones; porque <b>lo que los hombres tienen por sublime, \u00a1delante de Dios es abominaci\u00f3n!<\/b>\u201d<\/i> (Lucas 16:15).<\/p>\n<p>\u00bfSon aplicables estas palabras del Salvador al romanismo? Consideremos la siguiente admisi\u00f3n de la Iglesia de Roma, traducida literalmente de la \u2018Roman Catholic Encyclopedia\u2019:<\/p>\n<p><b>\u201c<\/b>No hace falta acobardarnos ante la admisi\u00f3n de que las velas, como el incienso y el agua bendita, fueran com\u00fanmente empleadas en la adoraci\u00f3n pagana y en los ritos de homenaje a los muertos. Pero la Iglesia , desde un per\u00edodo muy temprano, los tom\u00f3 en su servicio, como igualmente adoptara otras muchas cosas, indiferentes en s\u00ed mismas, que parec\u00edan apropiadas, para embellecer el esplendor del ceremonial religioso. No debemos olvidar que la mayor\u00eda de tales accesorios de la adoraci\u00f3n, como la m\u00fasica, luces, perfumes, abluciones, decoraciones florales, baldaquines, abanicos, pantallas, campanillas, vestimentas, etc., no eran identificados con alg\u00fan culto id\u00f3latra en particular, sino que eran comunes para casi todos los cultos.<b>\u201d<\/b><\/p>\n<p>En otro tiempo, Dios lleg\u00f3 al siguiente veredicto acerca de su pueblo: <i>\u201c\u00a1No han hecho m\u00e1s que provocarme a ira con la <b>obra de sus manos<\/b>, dice el <b>Se\u00f1or!\u201d<\/b><\/i> (Jerem\u00edas 32:30). Y, a trav\u00e9s de los tiempos, <b>cualquier cosa<\/b> fraguada y aportada por la mente humana, para \u2018mejorar\u2019, \u2018engrandecer\u2019, \u2018embellecer\u2019 o \u2018avanzar\u2019 la obra de Dios, as\u00ed sutilmente apropi\u00e1ndose de ella, s\u00f3lo encuentra el rechazo terminante de su Divino Arquitecto.<i> <\/i><\/p>\n<p>As\u00ed entendieron sus ap\u00f3stoles, as\u00ed obedecieron y as\u00ed ense\u00f1aron.<\/p>\n<p style=\"text-align: left;\" align=\"center\"><i>(Las \u201cinnovaciones\u201d listadas a continuaci\u00f3n est\u00e1n todas ampliamente documentadas en las enciclopedias cat\u00f3licas y en el Internet, siendo la cita de arriba una muestra elocuente.)<\/i><b> \u00a0<\/b>\u00a0<b> <\/b><\/p>\n<p><b>Las Cosas de <\/b><b>R<\/b><b>o<\/b><b>m<\/b><b>a<\/b><b> <\/b><\/p>\n<p>y sus a\u00f1os de aparici\u00f3n.<br \/>\nAlgunas fechas son aproximadas. \u00a0<a href=\"https:\/\/i0.wp.com\/ntmu.net\/wp-content\/uploads\/2013\/03\/image0141.gif\"><img data-attachment-id=\"603\" data-permalink=\"https:\/\/ntmu.net\/?attachment_id=603\" data-orig-file=\"https:\/\/i0.wp.com\/ntmu.net\/wp-content\/uploads\/2013\/03\/image0141.gif?fit=305%2C482&amp;ssl=1\" data-orig-size=\"305,482\" data-comments-opened=\"0\" data-image-meta=\"{&quot;aperture&quot;:&quot;0&quot;,&quot;credit&quot;:&quot;&quot;,&quot;camera&quot;:&quot;&quot;,&quot;caption&quot;:&quot;&quot;,&quot;created_timestamp&quot;:&quot;0&quot;,&quot;copyright&quot;:&quot;&quot;,&quot;focal_length&quot;:&quot;0&quot;,&quot;iso&quot;:&quot;0&quot;,&quot;shutter_speed&quot;:&quot;0&quot;,&quot;title&quot;:&quot;&quot;}\" data-image-title=\"image014\" data-image-description=\"\" data-medium-file=\"https:\/\/i0.wp.com\/ntmu.net\/wp-content\/uploads\/2013\/03\/image0141.gif?fit=189%2C300&amp;ssl=1\" data-large-file=\"https:\/\/i0.wp.com\/ntmu.net\/wp-content\/uploads\/2013\/03\/image0141.gif?fit=305%2C482&amp;ssl=1\" loading=\"lazy\" class=\"size-medium wp-image-603 alignright\" style=\"margin: 10px;\" alt=\"image014\" src=\"https:\/\/i0.wp.com\/ntmu.net\/wp-content\/uploads\/2013\/03\/image0141.gif?resize=189%2C300\" width=\"189\" height=\"300\" data-recalc-dims=\"1\" \/><\/a><\/p>\n<p><b>1\u00a0\u00a0\u00a0\u00a0\u00a0\u00a0\u00a0 <\/b><b>190<\/b> Aparecen conjeturas de ciertos \u201cpadres de la iglesia\u201d de que el bautismo \u201climpie\u201d y \u201cregenere\u201d \u2013 \u201cpor medio del agua sagrada\u201d &#8211; y que un bautismo infantil sea apropiado<i> (Ireneo y otros).<\/i><\/p>\n<p><b>2\u00a0\u00a0\u00a0\u00a0\u00a0\u00a0\u00a0 <\/b><b>210<\/b> Empiezan a usarse los conceptos y t\u00e9rminos de \u201cclero\u201d y \u201ccl\u00e9rigos\u201d, para indicar una casta sagrada y privilegiada entre los \u201claicos\u201d, sin la cual una congregaci\u00f3n no puede funcionar <i>(as\u00ed los \u201cnicola\u00edtas\u201d ya en Apocalipsis 2:6 y 15).<\/i><\/p>\n<p><b>3\u00a0\u00a0\u00a0\u00a0\u00a0\u00a0\u00a0 <\/b><b>300<\/b> Se hacen imprescindibles los \u201caltares\u201d.<br \/>\nComienzan a elevarse oraciones a favor de los muertos.<\/p>\n<p><b>4\u00a0\u00a0\u00a0\u00a0\u00a0\u00a0\u00a0 <\/b><b>310<\/b> Comienza la costumbre de hacer la \u201cse\u00f1al de la cruz\u201d<i> (el persignarse).<\/i><\/p>\n<p><b>5\u00a0\u00a0\u00a0\u00a0\u00a0\u00a0\u00a0 <\/b><b>320<\/b> Reconocido el valor de \u201cvelas encendidas\u201d.<\/p>\n<p><b>6\u00a0\u00a0\u00a0\u00a0\u00a0\u00a0\u00a0 <\/b><b>330<\/b> Surgimiento <i>(en serio)<\/i> del monasticismo.<\/p>\n<p><b>7\u00a0\u00a0\u00a0\u00a0\u00a0\u00a0\u00a0 <\/b><b>350<\/b> Establecida la fecha del 25 de diciembre para celebrar el nacimiento de Cristo (Navidad) <i>(Julio I, \u201cObispo de Roma\u201d).<\/i><\/p>\n<p><b>8\u00a0\u00a0\u00a0\u00a0\u00a0\u00a0\u00a0 <\/b><b>375<\/b> Los \u201csantos\u201d y los \u00e1ngeles venerados.<\/p>\n<p><b>9\u00a0\u00a0 <\/b><b>\u00a0\u00a0394<\/b> La \u201cmisa\u201d celebrada diariamente.<\/p>\n<p><b>10 <\/b><b>\u00a0\u00a0\u00a0<\/b><b>400<\/b> Los Diez Mandamientos mutilados; es decir, en su resumen y ense\u00f1anza<b>,<\/b> el segundo mandamiento (que proh\u00edbe tajantemente las \u00a0\u00a0im\u00e1genes religiosas) es suprimido y el d\u00e9cimo cortado en dos. El abuso es perpetuado hasta el tiempo presente por medio del catecismo \u00a0\u00a0cat\u00f3lico. El cuarto mandamiento es cambiado por \u201cSantificar\u00e1s las fiestas\u201d <i>(Agust\u00edn de Hipona).<\/i><\/p>\n<p><b>11 <\/b><b>\u00a0\u00a0\u00a0\u00a0<\/b><b>405 <\/b>Incluida en el Nuevo Testamento latino (es decir, en \u201c La Vulgata\u201d, en varios vers\u00edculos) la palabra griega para \u201canciano\u201d, que es \u00a0\u00a0\u201cpresb\u00edtero\u201d. La Iglesia la malinterpreta por \u201cpreste\u201d o \u201csacerdote\u201d, dando as\u00ed legitimidad al \u201csacerdotalismo cristiano\u201d <i>(Traductor Jer\u00f3nimo)<\/i>.<\/p>\n<p><b>12 <\/b><b>\u00a0 \u00a0432<\/b> Abierto el camino hacia la adoraci\u00f3n de Mar\u00eda, en base a que, m\u00e1s que \u201cmadre de Jes\u00fas\u201d, fuera \u201cMadre de Dios\u201d y \u201cperpetuamente virgen\u201d <i>(Concilio de \u00c9feso).<\/i><\/p>\n<p><b>13 \u00a0 \u00a0\u00a0<\/b><b>440<\/b> Le\u00f3n I (\u201cel Grande\u201d) primer \u201cpapa\u201d en aplicarse el t\u00edtulo de \u201cPontifex Maximus\u201d (Sumo Sacerdote), t\u00edtulo pagano antiguo y honor\u00edfico de los emperadores. El Emperador Graciano \u00a0\u00a0el Joven (en <b>382<\/b>), rechaz\u00e1ndolo por sus connotaciones paganas e id\u00f3latras, lleg\u00f3 a ser el primer emperador que dej\u00f3 de ostentarlo.<\/p>\n<p><b>14\u00a0\u00a0 \u00a0\u00a0<\/b><b>451<\/b> El t\u00edtulo de \u201cPapa\u201d oficialmente conferido sobre los \u201cObispos de Roma\u201d.<br \/>\nAbierta la posibilidad de que intercedan a favor nuestro los \u201csantos m\u00e1rtires en el cielo\u201d <i>(Le\u00f3n I, Concilio de Calcedonia).<\/i><\/p>\n<p><b>15 <\/b><b>\u00a0\u00a0\u00a0500<\/b> El \u201cclero\u201d lleva vestimentas distintivas.<\/p>\n<p><b>16 <\/b><b>\u00a0\u00a0\u00a0526<\/b> Es practicada la \u201cExtrema Unci\u00f3n\u201d.<\/p>\n<p><b>17\u00a0\u00a0\u00a0\u00a0\u00a0 <\/b><b>591<\/b> Gregorio I (\u201cel Grande\u201d) reclama ser \u201cSucesor de San Pedro\u201d y \u201cVicario de Cristo en la tierra\u201d.<\/p>\n<p><b>18\u00a0\u00a0\u00a0\u00a0\u00a0 <\/b><b>592<\/b> Ense\u00f1a que no hay salvaci\u00f3n fuera de la Iglesia CAR (cat\u00f3lica apost\u00f3lica romana), de la cual \u00e9l es \u201ccabeza visible\u201d.<\/p>\n<p><b>19\u00a0\u00a0\u00a0\u00a0\u00a0 <\/b><b>593<\/b> Promulga la doctrina del \u201cpurgatorio\u201d.<\/p>\n<p><b>20\u00a0\u00a0\u00a0\u00a0\u00a0 <\/b><b>595<\/b> Estimula el uso de im\u00e1genes en las iglesias, aunque no de su adoraci\u00f3n.<\/p>\n<p><b>21\u00a0\u00a0\u00a0\u00a0\u00a0<\/b><b>600<\/b> Obliga al \u201cculto\u201d en lat\u00edn.<br \/>\nEs practicada la quema de incienso.<br \/>\n\u201cCulto\u201d dado a Mar\u00eda, a los \u00e1ngeles y a los \u201csantos\u201d muertos.<\/p>\n<p><b>22\u00a0\u00a0\u00a0\u00a0\u00a0 <\/b><b>606<\/b> Los reclamos de supremac\u00eda papal firmemente arraigados.<\/p>\n<p><b>23\u00a0\u00a0\u00a0\u00a0\u00a0 <\/b><b>650<\/b> Fiestas celebradas en honor de la \u201cVirgen Mar\u00eda\u201d.<\/p>\n<p><b>24\u00a0\u00a0\u00a0\u00a0\u00a0 <\/b><b>709<\/b> Comienza la costumbre de besar el pie del papa <i>(Papa Constantino)<\/i>.<\/p>\n<p><b>25\u00a0\u00a0\u00a0\u00a0\u00a0 <\/b><b>752<\/b> Reconocida la \u201csoberan\u00eda temporal\u201d de los papas.<\/p>\n<p><b>26\u00a0\u00a0\u00a0\u00a0\u00a0 <\/b><b>787<\/b> Oraciones a los \u201csantos\u201d oficialmente autorizadas <i>(2\u00ba Concilio de Nicea). <\/i><br \/>\nRecomendado el quemarles incienso y encender luces en su honor.<\/p>\n<p><b>27\u00a0\u00a0\u00a0\u00a0\u00a0 <\/b><b>788<\/b> Autorizada la veneraci\u00f3n de reliquias <i>(id). <\/i><\/p>\n<p><b>28\u00a0\u00a0\u00a0\u00a0\u00a0 <\/b><b>800<\/b> El primer uso del \u201crosario\u201d, copiado de los mantras hind\u00faes.<\/p>\n<p><b>29\u00a0\u00a0\u00a0\u00a0\u00a0 <\/b><b>850<\/b> Inventada el \u201cagua bendita\u201d.<\/p>\n<p><b>30\u00a0\u00a0\u00a0\u00a0\u00a0 <\/b><b>890<\/b> Establecido el \u201cculto\u201d a San Jos\u00e9.<\/p>\n<p><b>31\u00a0\u00a0\u00a0\u00a0\u00a0 <\/b><b>965<\/b> Bautismo de campanas <i>(Juan XIII).<\/i><\/p>\n<p><b>32\u00a0\u00a0\u00a0\u00a0\u00a0 <\/b><b>993<\/b> Formalizada la \u201ccanonizaci\u00f3n de santos\u201d <i>(Juan XV).<\/i><\/p>\n<p><b>33\u00a0\u00a0\u00a0\u00a0\u00a0 <\/b><b>998<\/b> Reglamentados los \u201cayunos\u201d de \u201ccuaresma\u201d y de los viernes.<\/p>\n<p><b>34\u00a0\u00a0\u00a0\u00a0\u00a0 <\/b><b>1000<\/b> La \u201cmisa\u201d desarrollada gradualmente como \u201csacrificio\u201d.<\/p>\n<p><b>35\u00a0\u00a0\u00a0\u00a0\u00a0 <\/b><b>1003<\/b> Se celebran fiestas en honor a los muertos.<\/p>\n<p><b>36\u00a0\u00a0\u00a0\u00a0\u00a0 <\/b><b>1048<\/b> Se establecen \u00f3rdenes de \u201cmonjes guerreros\u201d <i>(Caballeros de S. Juan de Jerusal\u00e9n). <\/i><\/p>\n<p><b>37\u00a0\u00a0\u00a0\u00a0\u00a0 <\/b><b>1059<\/b> Regulada la elecci\u00f3n \u201cpontificia\u201d por los \u201ccardenales\u201d, incluyendo la creaci\u00f3n del \u201cc\u00f3nclave\u201d <i>(S\u00ednodo Lateranense)<\/i>.<a href=\"https:\/\/i1.wp.com\/ntmu.net\/wp-content\/uploads\/2013\/03\/image016.gif\"><img data-attachment-id=\"604\" data-permalink=\"https:\/\/ntmu.net\/?attachment_id=604\" data-orig-file=\"https:\/\/i1.wp.com\/ntmu.net\/wp-content\/uploads\/2013\/03\/image016.gif?fit=146%2C250&amp;ssl=1\" data-orig-size=\"146,250\" data-comments-opened=\"0\" data-image-meta=\"{&quot;aperture&quot;:&quot;0&quot;,&quot;credit&quot;:&quot;&quot;,&quot;camera&quot;:&quot;&quot;,&quot;caption&quot;:&quot;&quot;,&quot;created_timestamp&quot;:&quot;0&quot;,&quot;copyright&quot;:&quot;&quot;,&quot;focal_length&quot;:&quot;0&quot;,&quot;iso&quot;:&quot;0&quot;,&quot;shutter_speed&quot;:&quot;0&quot;,&quot;title&quot;:&quot;&quot;}\" data-image-title=\"image016\" data-image-description=\"\" data-medium-file=\"https:\/\/i1.wp.com\/ntmu.net\/wp-content\/uploads\/2013\/03\/image016.gif?fit=146%2C250&amp;ssl=1\" data-large-file=\"https:\/\/i1.wp.com\/ntmu.net\/wp-content\/uploads\/2013\/03\/image016.gif?fit=146%2C250&amp;ssl=1\" loading=\"lazy\" class=\"size-full wp-image-604 alignright\" style=\"margin: 10px;\" alt=\"image016\" src=\"https:\/\/i1.wp.com\/ntmu.net\/wp-content\/uploads\/2013\/03\/image016.gif?resize=146%2C250\" width=\"146\" height=\"250\" data-recalc-dims=\"1\" \/><\/a><\/p>\n<p><b>38\u00a0\u00a0\u00a0\u00a0\u00a0 <\/b><b>1075<\/b> Promulgada la \u201cinfalibilidad\u201d del papa y de la Iglesia <i>(Gregorio VII).<\/i><\/p>\n<p><b>39\u00a0\u00a0\u00a0\u00a0\u00a0 <\/b><b>1090 <\/b>Uso de cuentas para el \u201crezo\u201d del \u201crosario\u201d <i>(inventadas por Pedro el Ermita\u00f1o).<\/i><\/p>\n<p><b>40\u00a0\u00a0\u00a0\u00a0\u00a0 <\/b><b>1095<\/b> Urbano II predica la guerra santa (\u201cCruzada\u201d) contra los musulmanes que ocupan \u201cTierra Santa\u201d, prometiendo remisi\u00f3n de pecados a los que participen <i>\u00a0\u00a0(Concilio<\/i><em> <\/em><i>de Clermont).<\/i><\/p>\n<p><b>41\u00a0\u00a0\u00a0\u00a0\u00a0 <\/b><b>1123<\/b> Decretado el \u201ccelibato sacerdotal\u201d <i>(Concilio Lateranense I)<\/i>.<\/p>\n<p><b>42\u00a0\u00a0\u00a0\u00a0\u00a0 <\/b><b>1164<\/b> Definidos los \u201csacramentos\u201d como \u201csignos\u201d que, no s\u00f3lo <i>signifiquen<\/i> la gracia, sino que <i>\u201cconfieran<\/i> la gracia\u201d.<br \/>\nSiete sacramentos son enumerados.<\/p>\n<p><b>43\u00a0\u00a0\u00a0\u00a0\u00a0 <\/b><b>1190<\/b> Venta de \u201cindulgencias\u201d.<\/p>\n<p><b>44\u00a0\u00a0\u00a0\u00a0\u00a0 <\/b><b>1200<\/b> El pan sustituido por la oblea en la misa.<\/p>\n<p><b>45\u00a0\u00a0\u00a0\u00a0\u00a0 <\/b><b>1215<\/b> El dogma de la \u201cTransubstanciaci\u00f3n\u201d proclamado.<br \/>\nInstituida oficialmente la \u201cConfesi\u00f3n Auricular\u201d <i>\u00a0(Inocencio III, Concilio Lateranense IV).<\/i><\/p>\n<p><b>46\u00a0\u00a0\u00a0\u00a0\u00a0 <\/b><b>1220<\/b> Decretada la adoraci\u00f3n de la \u201cHostia\u201d <i>(Honorio III).<\/i><\/p>\n<p><b>47\u00a0\u00a0\u00a0\u00a0\u00a0 <\/b><b>1229 <\/b>La Biblia prohibida a los \u201claicos\u201d y colocada en el \u201c\u00cdndice de Libros Prohibidos\u201d <i>(Concilio de Valencia).<\/i><\/p>\n<p><b>48\u00a0\u00a0\u00a0\u00a0\u00a0 <\/b><b>1232<\/b> Constituida la \u201cInquisici\u00f3n\u201d <i>(contra los \u201cherejes\u201d en el sur de Francia).<\/i><\/p>\n<p><b>49\u00a0\u00a0\u00a0\u00a0\u00a0 <\/b><b>1251<\/b> Introducido el \u201cescapulario\u201d<i> (Sim\u00f3n Stock \u2013 Orden de los Carmelitas).<\/i><\/p>\n<p><b>50\u00a0\u00a0\u00a0\u00a0\u00a0 <\/b><b>1264<\/b> Instituci\u00f3n de la festividad de \u201cCorpus Christi\u201d <i>(Urbano IV).<\/i><\/p>\n<p><b>51\u00a0\u00a0\u00a0\u00a0\u00a0 <\/b><b>1311<\/b> Declarado leg\u00edtimo el bautismo por aspersi\u00f3n <i>(Concilio de R\u00e1vena).<\/i><\/p>\n<p><b>52\u00a0\u00a0\u00a0\u00a0\u00a0 <\/b><b>1415<\/b> La copa negada a los \u201claicos\u201d <i>(Concilio de Constanza).<\/i><\/p>\n<p><b>53\u00a0\u00a0\u00a0\u00a0\u00a0 <\/b><b>1439<\/b> Confirmada la doctrina de \u201csiete sacramentos\u201d.<i><br \/>\n<\/i>\u00a0\u00a0El \u201cpurgatorio\u201d oficialmente promulgado <i>(Concilio de Florencia).<\/i><\/p>\n<p><b>54\u00a0\u00a0\u00a0\u00a0\u00a0 <\/b><b>1478<\/b> Fundado en Espa\u00f1a el \u201cSanto Oficio de la Inquisici\u00f3n\u201d <i>(Reyes Cat\u00f3licos)<\/i>.<\/p>\n<p><b>55\u00a0\u00a0\u00a0\u00a0\u00a0 <\/b><b>1534<\/b> Iniciada la orden de la \u201cSociedad de Jes\u00fas\u201d (los jesuitas) <i>(Ignacio de Loyola).<\/i><\/p>\n<p><b>56\u00a0\u00a0\u00a0\u00a0\u00a0 <\/b><b>1546<\/b> Los libros ap\u00f3crifos a\u00f1adidos al canon de las Escrituras (Tobit, Judit, 1\u00ba &amp; 2\u00ba Macabeos, Sabidur\u00eda, Eclesi\u00e1stico, Baruc), a pesar de que el Antiguo Testamento hebreo no contaba \u00a0\u00a0(ni cuenta) con ellos; mucho menos el Nuevo.<br \/>\nHay dos fuentes de revelaci\u00f3n<b>:<\/b> \u201cla Tradici\u00f3n\u201d y las Escrituras<i> (Concilio de Trento).<\/i><\/p>\n<p><b>57\u00a0\u00a0\u00a0\u00a0\u00a0 <\/b><b>1563<\/b> M\u00e1s de cien \u201canatemas\u201d (de divina y eterna maldici\u00f3n), oficialmente vigentes hasta el d\u00eda de hoy, lanzados contra todos los \u201cherejes protestantes\u201d <i>(id)<\/i>.<\/p>\n<p><b>58\u00a0\u00a0\u00a0\u00a0\u00a0 <\/b><b>1568<\/b> Fraguada la f\u00f3rmula definitiva del \u201cAve Mar\u00eda\u201d &#8211; el rezo a Mar\u00eda que cada cat\u00f3lico repite interminablemente \u2013 en que se le <a href=\"https:\/\/i1.wp.com\/ntmu.net\/wp-content\/uploads\/2013\/03\/image018.gif\"><img data-attachment-id=\"605\" data-permalink=\"https:\/\/ntmu.net\/?attachment_id=605\" data-orig-file=\"https:\/\/i1.wp.com\/ntmu.net\/wp-content\/uploads\/2013\/03\/image018.gif?fit=118%2C239&amp;ssl=1\" data-orig-size=\"118,239\" data-comments-opened=\"0\" data-image-meta=\"{&quot;aperture&quot;:&quot;0&quot;,&quot;credit&quot;:&quot;&quot;,&quot;camera&quot;:&quot;&quot;,&quot;caption&quot;:&quot;&quot;,&quot;created_timestamp&quot;:&quot;0&quot;,&quot;copyright&quot;:&quot;&quot;,&quot;focal_length&quot;:&quot;0&quot;,&quot;iso&quot;:&quot;0&quot;,&quot;shutter_speed&quot;:&quot;0&quot;,&quot;title&quot;:&quot;&quot;}\" data-image-title=\"image018\" data-image-description=\"\" data-medium-file=\"https:\/\/i1.wp.com\/ntmu.net\/wp-content\/uploads\/2013\/03\/image018.gif?fit=118%2C239&amp;ssl=1\" data-large-file=\"https:\/\/i1.wp.com\/ntmu.net\/wp-content\/uploads\/2013\/03\/image018.gif?fit=118%2C239&amp;ssl=1\" loading=\"lazy\" class=\"size-full wp-image-605 alignright\" style=\"margin: 10px;\" alt=\"image018\" src=\"https:\/\/i1.wp.com\/ntmu.net\/wp-content\/uploads\/2013\/03\/image018.gif?resize=118%2C239\" width=\"118\" height=\"239\" data-recalc-dims=\"1\" \/><\/a>pronuncia \u201cllena de gracia\u201d (aunque el \u00e1ngel en realidad \u00a0\u00a0dijera \u201cmuy agraciada\u201d), y se le pide: \u201cRuega por nosotros, pecadores, ahora y en la hora de nuestra muerte\u201d <i>(P\u00edo V).<\/i><\/p>\n<p><b>59\u00a0\u00a0\u00a0\u00a0\u00a0 <\/b><b>1634 <\/b>El papa queda con el exclusivo derecho de beatificaci\u00f3n (la que da \u201cpermiso\u201d de veneraci\u00f3n local de un \u201cbeato\u201d) y canonizaci\u00f3n (la que crea el \u201cprecepto\u201dde culto \u00a0\u00a0universal a un \u201csanto\u201d), derecho que hasta ese momento ejerc\u00eda cualquier \u201cobispo\u201d <i>(Urbano VII).<\/i><\/p>\n<p><b>60\u00a0\u00a0\u00a0\u00a0\u00a0 <\/b><b>1854<\/b> Proclamada la \u201cInmaculada Concepci\u00f3n\u201d \u2013 Mar\u00eda concebida sin mancha de pecado <i>(P\u00edo IX).<\/i><\/p>\n<p><b>61\u00a0\u00a0\u00a0\u00a0\u00a0 <\/b><b>1864<\/b> Proclamados los poderes temporales del papa sobre todos los gobiernos <i>(id).<\/i><\/p>\n<p><b>62\u00a0\u00a0\u00a0\u00a0\u00a0 <\/b><b>1870 <\/b>Proclamado el dogma de la \u201cInfalibilidad del Papa\u201d, cuando habla \u201cex c\u00e1tedra\u201d <i>(Concilio Vaticano I).<\/i><\/p>\n<p><b>63\u00a0\u00a0\u00a0\u00a0\u00a0 <\/b><b>1918<\/b> Promulgado oficialmente para Mar\u00eda el papel de \u201cCo-Redentora con Cristo\u201d <i>(Benedicto XV).<\/i><\/p>\n<p><b>64\u00a0\u00a0\u00a0\u00a0\u00a0 <\/b><b>1950 <\/b>Proclamado el dogma de la \u201cAsunci\u00f3n\u201d f\u00edsica de Mar\u00eda al cielo<i> (P\u00edo XII).<\/i><\/p>\n<p><b>65\u00a0\u00a0\u00a0\u00a0\u00a0 <\/b><b>1954 <\/b>Reconocimiento oficial de Mar\u00eda como<b> <\/b>\u201cReina del Cielo\u201d (y no s\u00f3lo del cielo, tambi\u00e9n del rosario, de los patriarcas, profetas, etc.) <i>(id).<\/i><\/p>\n<p><b>66\u00a0\u00a0\u00a0\u00a0\u00a0 <\/b><b>1965 <\/b>Conferido sobre Mar\u00eda el t\u00edtulo de \u201cMediadora\u201d<i> (Concilio Vaticano II).<\/i><\/p>\n<p align=\"center\"><b>\u00a0<a href=\"https:\/\/i1.wp.com\/ntmu.net\/wp-content\/uploads\/2013\/03\/image0212.jpg\"><img data-attachment-id=\"606\" data-permalink=\"https:\/\/ntmu.net\/?attachment_id=606\" data-orig-file=\"https:\/\/i1.wp.com\/ntmu.net\/wp-content\/uploads\/2013\/03\/image0212.jpg?fit=794%2C292&amp;ssl=1\" data-orig-size=\"794,292\" data-comments-opened=\"0\" data-image-meta=\"{&quot;aperture&quot;:&quot;0&quot;,&quot;credit&quot;:&quot;&quot;,&quot;camera&quot;:&quot;&quot;,&quot;caption&quot;:&quot;&quot;,&quot;created_timestamp&quot;:&quot;0&quot;,&quot;copyright&quot;:&quot;&quot;,&quot;focal_length&quot;:&quot;0&quot;,&quot;iso&quot;:&quot;0&quot;,&quot;shutter_speed&quot;:&quot;0&quot;,&quot;title&quot;:&quot;&quot;}\" data-image-title=\"image021\" data-image-description=\"\" data-medium-file=\"https:\/\/i1.wp.com\/ntmu.net\/wp-content\/uploads\/2013\/03\/image0212.jpg?fit=300%2C110&amp;ssl=1\" data-large-file=\"https:\/\/i1.wp.com\/ntmu.net\/wp-content\/uploads\/2013\/03\/image0212.jpg?fit=794%2C292&amp;ssl=1\" loading=\"lazy\" class=\"alignnone  wp-image-606\" alt=\"image021\" src=\"https:\/\/i1.wp.com\/ntmu.net\/wp-content\/uploads\/2013\/03\/image0212.jpg?resize=635%2C234\" width=\"635\" height=\"234\" srcset=\"https:\/\/i1.wp.com\/ntmu.net\/wp-content\/uploads\/2013\/03\/image0212.jpg?w=794&amp;ssl=1 794w, https:\/\/i1.wp.com\/ntmu.net\/wp-content\/uploads\/2013\/03\/image0212.jpg?resize=300%2C110&amp;ssl=1 300w\" sizes=\"(max-width: 635px) 100vw, 635px\" data-recalc-dims=\"1\" \/><\/a><\/b><\/p>\n<p><b><i>\u00cdndice<\/i><\/b><\/p>\n<p><b>1.<\/b><b> \u00a0\u00a0\u00a0\u00a0\u00a0 <\/b><b><i>\u00bfEscritura con tradici\u00f3n? \u00bfEscritura con magisterio?<br \/>\n<\/i><\/b><b>La Palabra<\/b><b> de Dios es \u00fanica, inspirada, completa, soberana, inviolable, inmejorable, eterna.<\/b><\/p>\n<p><b>2.<\/b><b> \u00a0\u00a0\u00a0\u00a0\u00a0 <\/b><b><i>\u00bfConcilios? \u00bfTradiciones? \u00bfDogmas? \u00bfEnc\u00edclicas?<br \/>\n<\/i><\/b><b>Cristo y sus ap\u00f3stoles dejaron serias advertencias acerca de \u201clos falsos\u201d \u2013 los que aparentan, pero no son.<\/b><\/p>\n<p><b>3.<\/b><b> \u00a0\u00a0\u00a0\u00a0\u00a0 <\/b><b><i>\u00bfReligiosidad?<\/i><\/b><br \/>\n<b>La verdadera adoraci\u00f3n es sencilla y sincera.<\/b><\/p>\n<p><b>4.<\/b><b> \u00a0\u00a0\u00a0\u00a0\u00a0 <\/b><b><i>\u00bfObispo de Roma? \u00bfSucesor de San Pedro? \u00bfSu Santidad el Papa? \u00bfSanto Padre? \u00bfSumo Pont\u00edfice? \u00bfVicario de Cristo? \u00bfCabeza Visible de la Iglesia?<br \/>\n<\/i><\/b><b>Cristo, el Se\u00f1or, es todo. \u00c9l es \u201cla Roca\u201d; Pedro es una \u201cpiedra\u201d. <\/b><b><i><\/i><\/b><\/p>\n<p><b>5.<\/b><b><i> \u00a0\u00a0\u00a0\u00a0\u00a0 \u00bfMadre de Dios? \u00bfMadre de la Iglesia? \u00bfReina del Cielo? \u00bfMediadora de todas las gracias? \u00bfCo-Redentora?<br \/>\n<\/i><\/b><b>Mar\u00eda \u2013 salvada por gracia \u2013 es sierva de Dios y madre de Jes\u00fas.<\/b><b><i><\/i><\/b><\/p>\n<p><b>6.<\/b><b><i>\u00a0\u00a0\u00a0\u00a0\u00a0 \u00bfPerpetua virginidad?<br \/>\n<\/i><\/b><b>Mar\u00eda, esposa fiel, despu\u00e9s de tener a Jes\u00fas, lleg\u00f3 a ser madre de cuatro hijos varones m\u00e1s y varias hijas.<\/b><b><i><\/i><\/b><\/p>\n<p><b>7.<\/b><b><i> \u00a0\u00a0\u00a0\u00a0 \u00bfConfesi\u00f3n auricular ante un hombre pecador? \u00bfPenitencia?<br \/>\n<\/i><\/b><b>Dios mismo acepta el arrepentimiento y la confesi\u00f3n; es \u00c9l quien perdona.<\/b><\/p>\n<p><b>8.<\/b><b><i>\u00a0\u00a0\u00a0\u00a0\u00a0 \u00bfObras Meritorias?<\/i><\/b><br \/>\n<b>Es la gracia de Dios <\/b>(su favor no merecido), <b>la que salva al pecador, cuando es recibida por sencilla fe.<\/b><\/p>\n<p><b>9.<\/b><b><i>\u00a0\u00a0\u00a0\u00a0\u00a0 \u00bfSalvaci\u00f3n en la Iglesia? \u00bfEn Mar\u00eda? \u00bfEn los sacramentos? \u00bfEn \u201cmi director espiritual\u201d? \u00bfEn mis obras?<br \/>\n<\/i><\/b><b>La salvaci\u00f3n no puede estar m\u00e1s que en el Salvador, en Jesucristo, exclusivamente.<\/b><b><i><\/i><\/b><\/p>\n<p><b>10.<\/b><b><i>\u00a0\u00a0\u00a0 \u00bfPurgatorio? \u00bfEscapulario? \u00bfIndulgencias? \u00bfReliquias?<br \/>\n<\/i><\/b><b>El creyente renacido <span style=\"text-decoration: underline;\">tiene<\/span> seguridad de salvaci\u00f3n en Cristo, ahora y eternamente.<\/b><b><i><\/i><\/b><\/p>\n<p><b>11.<\/b><b><i>\u00a0\u00a0\u00a0 \u00bfBautismo regeneracional? \u00bfAspersi\u00f3n de beb\u00e9s? \u00bfAgua Bendita?<br \/>\n<\/i><\/b><b>El Se\u00f1or manda que sean bautizados los \u201cdisc\u00edpulos\u201d, es decir, los ya renacidos por la Palabra de Dios.<\/b><b><i><\/i><\/b><\/p>\n<p><b>12.<\/b><b><i>\u00a0\u00a0\u00a0 \u00bfClero? \u00bfSacerdocio? \u00bfJerarqu\u00eda? \u00bfCelibato? \u00bfVestimentas lit\u00fargicas?<br \/>\n<\/i><\/b><b>El sacerdocio del Nuevo Testamento es universal. Participa <i>cada<\/i> creyente aut\u00e9ntico.<\/b><b><i><\/i><\/b><\/p>\n<p><b>13.<\/b><b><i>\u00a0\u00a0\u00a0 \u00bfMisa? \u00bfTransubstanciaci\u00f3n? \u00bfCorpus Christi? \u00bfAltar? \u00bfSacrificio incruento? \u00bfSagrario?<br \/>\n<\/i><\/b><b>\u00c9l se ofreci\u00f3 a s\u00ed mismo, una sola vez para siempre; desde entonces es conmemorado en el \u201cpartimiento del <span style=\"text-decoration: underline;\">pan<\/span>\u201d.<\/b><b><i><\/i><\/b><\/p>\n<p><b>14.<\/b><b><i>\u00a0\u00a0\u00a0 \u00bfIm\u00e1genes? \u00bfCrucifijos? \u00bfEstampas? \u00bfMedallas?<br \/>\n<\/i><\/b><b>\u00a1El segundo mandamiento de la ley de Dios sigue vigente<\/b> <b>(no a la manera del catecismo, sino tal como viene en la eterna Palabra de Dios)<\/b><b>!<\/b><b><i><\/i><\/b><\/p>\n<p><b>15.<\/b><b><i>\u00a0\u00a0\u00a0 \u00bfRosario? \u00bfRezos a los muertos? \u00bfRezos por los muertos?<br \/>\n<\/i><\/b><b>El Esp\u00edritu Santo, usando la Biblia, le ense\u00f1a al creyente como orar y encontrarse en la misma presencia de Dios.<\/b><b><i><\/i><\/b><\/p>\n<p><b>16.<\/b><b><i>\u00a0\u00a0\u00a0 \u00bfSantificar las fiestas?<br \/>\n<\/i><\/b><b>La Biblia<\/b><b> se\u00f1ala las \u201cfiestas\u201d israelitas, pero <span style=\"text-decoration: underline;\">no<\/span> prescribe \u201cfiestas\u201d para la iglesia. El creyente normal siempre est\u00e1 regocijado, y celebra su Se\u00f1or cada domingo, y cada vez que se re\u00fane con sus hermanos.<\/b><b><i><\/i><\/b><\/p>\n<p><b>17.<\/b><b><i>\u00a0\u00a0\u00a0 \u00bfExtremaunci\u00f3n? \u00bfSantos \u00f3leos?<br \/>\n<\/i><\/b><b>El creyente enfermo ora con los ancianos de la congregaci\u00f3n por la recuperaci\u00f3n de su salud.<\/b><b><i><\/i><\/b><\/p>\n<p><b>18.<\/b><b><i>\u00a0\u00a0\u00a0 \u00bfVelas? \u00bfCirios?<br \/>\n<\/i><\/b><b>Cristo es la Luz del Mundo.<\/b><b><i><\/i><\/b><\/p>\n<p><b>19.<\/b><b><i>\u00a0\u00a0\u00a0 \u00bfIncienso?<br \/>\n<\/i><\/b><b>S\u00f3lo la vida redimida y obediente rinde el grato olor que Dios busca.<\/b><b><i><\/i><\/b><\/p>\n<p><b>20.<\/b><b><i>\u00a0\u00a0\u00a0 \u00bfRoma? \u00bfCiudad Eterna? \u00bfSanta Sede? \u00bfVaticano? \u00bfBas\u00edlica de San Pedro?<br \/>\n<\/i><\/b><b>No hay ya \u201csantuario\u201d terrenal para el \u201cciudadano del cielo\u201d. S\u00f3lo reconoce la \u201cciudad celestial\u201d y la \u201ccasa celestial\u201d. <\/b><b><i><\/i><\/b><\/p>\n<p align=\"center\">1. <b><i>\u00bfEscritura<\/i><\/b><b><i> <\/i><\/b><b>con<\/b><b><i> tradici\u00f3n? \u00bfEscritura <\/i><\/b><b>con<\/b><b><i> magisterio?<\/i><\/b><b><i><\/i><\/b><\/p>\n<p align=\"center\"><b>La Palabra<\/b><b> de Dios es \u00fanica, inspirada, completa, soberana, inviolable, inmejorable, eterna.<\/b><\/p>\n<p><b><i><br \/>\n<\/i><\/b><b><i>Deuteronomio 4:2; 12:32: <\/i><\/b><\/p>\n<p>\u201c<b>No a\u00f1adir\u00e9is<\/b> a la palabra que yo os mando, ni disminuir\u00e9is de ella, para que guard\u00e9is los mandamientos del <b>Se\u00f1or<\/b> vuestro Dios que yo os ordeno.\u201d<b><\/b><\/p>\n<p>\u201cCuidar\u00e1s de hacer todo lo que yo te mando; <b>no a\u00f1adir\u00e1s<\/b> a ello, ni de ello quitar\u00e1s.\u201d<b><i> <\/i><\/b><\/p>\n<p><b><i>Proverbios 30:5-6:<\/i><\/b><\/p>\n<p>\u201cToda palabra de Dios es limpia&#8230; <b>No a\u00f1adas<\/b> a sus palabras, para que no te reprenda, y seas hallado mentiroso.\u201d<\/p>\n<p><b><i>Salmo 119:9-11; 103-105; 129-130:<\/i><\/b><\/p>\n<p>\u201c\u00bfCon qu\u00e9 limpiar\u00e1 el joven su camino? <b>Con guardar tu palabra<\/b>\u2026 En mi coraz\u00f3n he guardado tus dichos, para no pecar contra ti.\u201d<\/p>\n<p>\u201c\u00a1<b>Cu\u00e1n dulces<\/b> son a mi paladar tus palabras! M\u00e1s que la miel a mi boca. De tus mandamientos he adquirido inteligencia; por tanto, he aborrecido todo camino de mentira. <b>L\u00e1mpara es a mis pies tu palabra<\/b>, y lumbrera a mi camino.\u201d<\/p>\n<p>\u201cMaravillosos son tus testimonios; por tanto, los ha guardado mi alma. <b>La exposici\u00f3n de tus palabras alumbra; hace entender a los simples<\/b>.\u201d<\/p>\n<p><b><i>Mateo 22:29:<\/i><\/b><\/p>\n<p>\u201cRespondiendo Jes\u00fas, les dijo: \u2018<b>Err\u00e1is, ignorando las Escrituras<\/b> y el poder de Dios\u2019.\u201d<\/p>\n<p><b><i>Marcos 7:6-13: <\/i><\/b><\/p>\n<p>\u201cHip\u00f3critas, bien profetiz\u00f3 de vosotros Isa\u00edas: \u2018Este pueblo de labios me honra, mas su coraz\u00f3n est\u00e1 lejos de m\u00ed. Pues en vano me honran, ense\u00f1ando como doctrinas mandamientos de hombres.\u2019 Porque dejando el mandamiento de Dios, os aferr\u00e1is a <b>la tradici\u00f3n de los hombres<\/b>&#8230; Bien invalid\u00e1is el mandamiento de Dios para guardar <b>vuestra tradici\u00f3n<\/b>&#8230; Y muchas cosas hac\u00e9is semejantes a estas.\u201d<\/p>\n<p><b><i>Lucas 21:33:<\/i><\/b><\/p>\n<p>\u201cEl cielo y la tierra pasar\u00e1n, pero <b>mi<\/b><b>s palabras no pasar\u00e1n<\/b>.\u201d<\/p>\n<p><b><i>Juan 5:39; 6:63; 10:35:<\/i><\/b><\/p>\n<p>\u201c<b>Escudri\u00f1ad las Escrituras<\/b>; porque a vosotros os parece que en ellas ten\u00e9is la vida eterna; y ellas son las que dan testimonio de m\u00ed\u2026\u201d<\/p>\n<p>\u201cEl esp\u00edritu es el que da vida; la carne para nada aprovecha; <b>las palabras que yo os he hablado son esp\u00edritu y son vida<\/b>.\u201d<\/p>\n<p>\u201cLa Escritura <b>no puede ser quebrantada<\/b>.\u201d<\/p>\n<p><b><i>Romanos 15:4:<\/i><\/b><\/p>\n<p>\u201cPorque las cosas que se escribieron antes, para nuestra ense\u00f1anza se escribieron, a fin de que por la paciencia y la consolaci\u00f3n de <b>las Escrituras<\/b>, tengamos esperanza.\u201d<\/p>\n<p><b><i>1\u00aa Corintios 15:1-4:<\/i><\/b><\/p>\n<p>\u201cAdem\u00e1s os declaro, hermanos, el evangelio que os he predicado, el cual tambi\u00e9n recibisteis, en el cual tambi\u00e9n persever\u00e1is; por el cual asimismo, si reten\u00e9is la palabra que os he predicado, sois salvos, si no cre\u00edsteis en vano. Porque primeramente os he ense\u00f1ado lo que asimismo recib\u00ed: Que Cristo muri\u00f3 por nuestros pecados, <b>conforme a las Escrituras<\/b>; y que fue sepultado, y que resucit\u00f3 al tercer d\u00eda, <b>conforme a las Escrituras<\/b>\u2026\u201d<\/p>\n<p><b><i>2\u00aa Timoteo 3:15-17: \u00a0\u00a0\u00a0\u00a0\u00a0\u00a0\u00a0\u00a0\u00a0 <\/i><\/b><\/p>\n<p><b><i>\u00a0<\/i><\/b>\u201cDesde la ni\u00f1ez has sabido las Sagradas<b> Escrituras<\/b>, las cuales te pueden hacer sabio para la salvaci\u00f3n por la fe que es en Cristo Jes\u00fas. <b>Toda la Escritura es<\/b> <b>inspirada por Dios, y \u00fatil<\/b> para ense\u00f1ar, para redarg\u00fcir, para corregir, para instruir en justicia, a fin de que el hombre de Dios sea perfecto, enteramente preparado para toda buena obra.\u201d<\/p>\n<p><b><i>2\u00aa Corintios 2:17; 4:2:<\/i><\/b><\/p>\n<p>\u201cNo somos como muchos, que medran <b>falsificando<\/b> la palabra de Dios.\u201d<\/p>\n<p>\u201cRenunciamos a lo oculto y vergonzoso, no andando con astucia, ni<b> adulterando <\/b>la palabra de Dios.\u201d <b><i><\/i><\/b><\/p>\n<p><b><i>Colosenses 2:8; 16-23:<\/i><\/b><\/p>\n<p>\u201cMirad que nadie os enga\u00f1e por medio de filosof\u00edas y huecas sutilezas, seg\u00fan las <b>tradiciones de los hombres<\/b>, conforme a los rudimentos del mundo, y <b>no seg\u00fan Cristo<\/b>.\u201d<\/p>\n<p>\u201cPor tanto, nadie os juzgue en comida o en bebida, o en cuanto a d\u00edas de fiesta, luna nueva o d\u00edas de reposo, todo lo cual es sombra de lo que ha de venir; pero el cuerpo es de Cristo. Nadie os prive de vuestro premio, afectando humildad y <b>culto a los \u00e1ngeles<\/b>, entremeti\u00e9ndose en lo que no ha visto, <b>vanamente hinchado<\/b> por su propia mente carnal, y no asi\u00e9ndose de la Cabeza, en virtud de quien todo el cuerpo, nutri\u00e9ndose y uni\u00e9ndose por las coyunturas y ligamentos, crece con el crecimiento que da Dios\u2026 \u00bfPor qu\u00e9, como si vivieseis en el mundo, os somet\u00e9is a preceptos tales como: No manejes, ni gustes, ni aun toques (en conformidad a <b>mandamientos y doctrinas de hombres<\/b>), cosas que todas se destruyen con el uso? Tales cosas tienen a la verdad cierta reputaci\u00f3n de sabidur\u00eda en culto voluntario, en humildad y en duro trato del cuerpo; pero <b>no<\/b> tienen valor alguno contra los apetitos de la carne.\u201d<\/p>\n<p><b><i>2\u00aa Pedro 2:19-21:<\/i><\/b><\/p>\n<p>\u201cTenemos tambi\u00e9n la palabra prof\u00e9tica m\u00e1s segura, a la cual hac\u00e9is bien en estar <b>atentos<\/b> como a una antorcha que alumbra en lugar oscuro, hasta que el d\u00eda esclarezca y el lucero de la ma\u00f1ana salga en vuestros corazones; entendiendo primero esto, que ninguna profec\u00eda de la Escritura es de interpretaci\u00f3n privada, porque nunca la profec\u00eda fue tra\u00edda por voluntad humana, sino que los santos hombres de Dios hablaron <b>siendo inspirados<\/b> por el Esp\u00edritu Santo.\u201d<\/p>\n<p><b><i>Apocalipsis 22:18-19:<\/i><\/b><\/p>\n<p>\u201cYo testifico a todo aquel que oye las palabras de la profec\u00eda de este libro: <b>Si alguno a\u00f1adiere<\/b> a estas cosas, Dios traer\u00e1 sobre \u00e9l las plagas que est\u00e1n escritas en este libro. Y <b>si alguno quitare <\/b>de las palabras del libro de esta profec\u00eda, Dios quitar\u00e1 su parte del libro de la vida, y de la santa ciudad y de las cosas que est\u00e1n escritas en este libro.\u201d<b> <\/b><\/p>\n<p align=\"center\"><b>2.<\/b><b> <i>\u00bfConcilios? \u00bfTradiciones? \u00bfDogmas? \u00bfEnc\u00edclicas?<\/i><\/b><\/p>\n<p align=\"center\"><b>Cristo y sus ap\u00f3stoles dejaron serias advertencias acerca de \u201clos falsos\u201d \u2013 los que aparentan, pero no son.<\/b><b><\/b><\/p>\n<p><b><span style=\"text-decoration: underline;\">Cristo, la Cabeza de la iglesia \u2013<\/span><\/b><\/p>\n<p><b><i>Mateo 7:15-23: <\/i><\/b><b><\/b><\/p>\n<p>\u201cGuardaos de los <b>falsos profetas<\/b>, que vienen a vosotros <b>con vestidos de ovejas, pero por dentro son lobos rapaces. Por sus frutos los conocer\u00e9is<\/b>. \u00bfAcaso se recogen uvas de los espinos, o higos de los abrojos? As\u00ed, todo buen \u00e1rbol da buenos frutos, pero el \u00e1rbol malo da frutos malos. No puede el buen \u00e1rbol dar malos frutos, ni el \u00e1rbol malo dar frutos buenos. Todo \u00e1rbol que no da buen fruto, es cortado y echado en el fuego. <b>As\u00ed que, por sus frutos los conocer\u00e9is<\/b>. No todo el que me dice: \u2018Se\u00f1or, Se\u00f1or\u2019, entrar\u00e1 en el reino de los cielos, sino el que hace la voluntad de mi Padre que est\u00e1 en los cielos. Muchos me dir\u00e1n en aquel d\u00eda: \u2018Se\u00f1or, Se\u00f1or, \u00bfno profetizamos en tu nombre, y en tu nombre echamos fuera demonios, y en tu nombre hicimos muchos milagros?\u2019 Y entonces les declarar\u00e9: \u2018<b>Nunca os conoc\u00ed; apartaos de m\u00ed, hacedores de maldad<\/b>\u2019.\u201d<b><i><\/i><\/b><\/p>\n<p><b><i>Marcos 13:5-6:<\/i><\/b><b> <\/b><\/p>\n<p>\u201cMirad que <b>nadie os enga\u00f1e<\/b>; porque <b>vendr\u00e1n muchos en mi nombre<\/b>, diciendo: \u2018Yo soy el Cristo\u2019; y <b>enga\u00f1ar\u00e1n a muchos<\/b>.\u201d<\/p>\n<p><b><i>Juan 10:10-13:<\/i><\/b><\/p>\n<p><b><i>\u00a0<\/i><\/b>\u201cEl ladr\u00f3n no viene sino <b>para hurtar, matar y destruir<\/b>; yo he venido para que tengan vida, y para que la tengan en abundancia. Yo soy el buen pastor; el buen pastor su vida da por las ovejas. Mas <b>el asalariado<\/b>, y que no es el pastor, de quien no son propias las ovejas, ve venir al lobo y <b>deja las ovejas y huye<\/b>, y el lobo arrebata las ovejas y las dispersa. As\u00ed que <b>el asalariado huye, porque es asalariado, y no le importan las ovejas<\/b>.\u201d<\/p>\n<p><b><span style=\"text-decoration: underline;\">El ap\u00f3stol Pablo<\/span><\/b><b> \u2013<\/b><\/p>\n<p><b><i>Hechos 20:29-30:<\/i><\/b><\/p>\n<p>\u201cPorque yo s\u00e9 que despu\u00e9s de mi partida entrar\u00e1n en medio de vosotros lobos rapaces, que no perdonar\u00e1n al reba\u00f1o. Y de vosotros mismos se levantar\u00e1n hombres <b>que hablen cosas perversas<\/b> para arrastrar tras s\u00ed a los disc\u00edpulos.\u201d<\/p>\n<p><b><i>Romanos 16:17-18:<\/i><\/b><\/p>\n<p>\u201cMas os ruego, hermanos, que os fij\u00e9is en los que causan divisiones y <b>tropiezos en contra de la doctrina que vosotros hab\u00e9is aprendido, y que os apart\u00e9is de ellos.<\/b> Porque tales personas no sirven a nuestro Se\u00f1or Jesucristo, sino a sus propios vientres, y con suaves palabras y lisonjas enga\u00f1an los corazones de los ingenuos.\u201d<b><i> <\/i><\/b><\/p>\n<p><b><i>2\u00aa Corintios 11:4, 13-15:<\/i><\/b><\/p>\n<p>\u201cSi viene alguno predicando a <b>otro Jes\u00fas<\/b> que el que os hemos predicado, o si recib\u00eds <b>otro esp\u00edritu<\/b> que el que hab\u00e9is recibido, <b>u otro evangelio<\/b> que el que hab\u00e9is aceptado, bien <b>lo toler\u00e1is<\/b>.\u201d<\/p>\n<p>\u201c\u00c9stos son <b>falsos ap\u00f3stoles<\/b>, <b>obreros fraudulentos<\/b>, <b>que se disfrazan<\/b> como ap\u00f3stoles de Cristo. Y no es maravilla, porque el mismo Satan\u00e1s se disfraza como \u00e1ngel de luz. As\u00ed que, no es extra\u00f1o si tambi\u00e9n sus ministros se disfrazan como ministros de justicia; cuyo fin ser\u00e1 conforme a sus obras.\u201d<b> <\/b><\/p>\n<p><b><i>G\u00e1latas 1:6-9:<\/i><\/b><\/p>\n<p>\u201cEstoy maravillado de que tan pronto os hay\u00e1is alejado del que os llam\u00f3 por la gracia de Cristo, para seguir un <b>evangelio diferente<\/b>. No que haya otro, sino que hay algunos que os perturban y quieren <b>pervertir <\/b>el evangelio de Cristo. Mas si aun nosotros, o un \u00e1ngel del cielo, os anunciare <b>otro evangelio diferente<\/b> del que os hemos anunciado, <b>sea anatema<\/b>. Como antes hemos dicho, tambi\u00e9n ahora lo repito: Si alguno os predica <b>diferente evangelio<\/b> del que hab\u00e9is recibido, <b>sea anatema<\/b>.\u201d<\/p>\n<p><b><i>1\u00aa Timoteo 4:1-11; 6:3-5:<\/i><\/b><\/p>\n<p>\u201cEl Esp\u00edritu dice claramente que en los postreros tiempos algunos apostatar\u00e1n de la fe, escuchando a <b>esp\u00edritus enga\u00f1adores<\/b> y a <b>doctrinas de demonios<\/b>; por la hipocres\u00eda de mentirosos que, teniendo cauterizada la conciencia, <b>prohibir\u00e1n casarse<\/b>, y <b>mandar\u00e1n abstenerse de alimentos<\/b> que Dios cre\u00f3 para que con acci\u00f3n de gracias participasen de ellos los creyentes y los que han conocido la verdad. Porque todo lo que Dios cre\u00f3 es bueno, y nada es de desecharse, si se toma con acci\u00f3n de gracias; porque por la palabra de Dios y por la oraci\u00f3n es santificado&#8230; <b>Desecha<\/b> las f\u00e1bulas profanas y de viejas&#8230; Esperamos en el Dios viviente, que es el Salvador de todos los hombres, mayormente de los que creen. Esto manda y ense\u00f1a&#8230;\u201d<\/p>\n<p>\u201cSi alguno <b>ense\u00f1a otra cosa<\/b>, y no se conforma a las sanas palabras de nuestro Se\u00f1or Jesucristo, y a la doctrina que es conforme a la piedad, est\u00e1 envanecido, nada sabe, y delira acerca de cuestiones y contiendas de palabras, de las cuales nacen envidias, pleitos, blasfemias, malas sospechas, disputas necias de <b>hombres corruptos de entendimiento y privados de la verdad, que toman la piedad como fuente de ganancia; ap\u00e1rtate de los tales<\/b>.\u201d<\/p>\n<p><b><i>2\u00aa Timoteo 2:23; 3:5-6; 4:3-4:<\/i><\/b><\/p>\n<p>\u201cDesecha las <b>cuestiones necias e insensatas<\/b>, sabiendo que engendran contiendas.\u201d<b><i><\/i><\/b><\/p>\n<p>\u201cTendr\u00e1n <b>apariencia de piedad<\/b>, pero negar\u00e1n la eficacia de ella; a \u00e9stos evita. Porque de \u00e9stos son los que se meten en las casas y llevan cautivas a las mujercillas cargadas de pecados, arrastradas por diversas concupiscencias.\u201d<\/p>\n<p>\u201cPorque vendr\u00e1 tiempo cuando no sufrir\u00e1n la sana doctrina, sino que teniendo comez\u00f3n de o\u00edr, se amontonar\u00e1n <b>maestros conforme a sus propias concupiscencias<\/b>, y apartar\u00e1n de la verdad el o\u00eddo y se volver\u00e1n a las <b>f\u00e1bulas<\/b>.\u201d<\/p>\n<p><b><i>Hebreos 13:9:<\/i><\/b><\/p>\n<p>\u201cNo os dej\u00e9is llevar de <b>doctrinas diversas y extra\u00f1a<\/b>s; porque buena cosa es afirmar el coraz\u00f3n con la gracia, no con viandas, que <b>nunca<\/b> aprovecharon a los que se han ocupado de ellas.\u201d<\/p>\n<p><b><span style=\"text-decoration: underline;\">El ap\u00f3stol Pedro<\/span><\/b><b><i> <\/i><\/b><b>\u2013<\/b><\/p>\n<p><b><i>1\u00aa Pedro 2:1-3:<\/i><\/b><b><\/b><\/p>\n<p>\u201cDesechando, pues, toda malicia, todo enga\u00f1o, hipocres\u00eda, envidias, y todas las detracciones, desead, como ni\u00f1os reci\u00e9n nacidos, la leche espiritual <b>no adulterada<\/b>, para que por ella crezc\u00e1is para salvaci\u00f3n, si es que hab\u00e9is gustado la benignidad del Se\u00f1or.\u201d<\/p>\n<p><b><i>2\u00aa Pedro 2:1-3:<\/i><\/b><b><\/b><\/p>\n<p>\u201cPero hubo tambi\u00e9n falsos profetas entre el pueblo, como habr\u00e1 entre vosotros <b>falsos maestros, que introducir\u00e1n<\/b> <b>encubiertamente herej\u00edas destructoras<\/b>, y aun negar\u00e1n al Se\u00f1or que los rescat\u00f3, atrayendo sobre s\u00ed mismos destrucci\u00f3n repentina. Y muchos seguir\u00e1n sus <b>disoluciones<\/b>, por causa de los cuales el camino de la verdad ser\u00e1 blasfemado, y por avaricia har\u00e1n <b>mercader\u00eda<\/b> de vosotros con <b>palabras fingidas<\/b>. Sobre los tales ya de largo tiempo la condenaci\u00f3n no se tarda, y su perdici\u00f3n no se duerme.\u201d <b><\/b><\/p>\n<p><b><span style=\"text-decoration: underline;\">El ap\u00f3stol Juan<\/span><\/b><b> \u2013<\/b><\/p>\n<p><b><i>1\u00aa Juan 2:18-26:<\/i><\/b><\/p>\n<p>\u201cHijitos, ya es el \u00faltimo tiempo; y seg\u00fan vosotros o\u00edsteis que el anticristo viene, as\u00ed ahora <b>han surgido muchos anticristos<\/b>; por esto conocemos que es el \u00faltimo tiempo. Salieron de nosotros, pero no eran de nosotros; porque si hubiesen sido de nosotros, habr\u00edan permanecido con nosotros; pero salieron para que se manifestase que no todos son de nosotros. Pero vosotros ten\u00e9is la unci\u00f3n del Santo, y conoc\u00e9is todas las cosas. No os he escrito como si ignoraseis la verdad, sino porque la conoc\u00e9is, y porque ninguna mentira procede de la verdad\u2026 Lo que hab\u00e9is o\u00eddo desde el principio, permanezca en vosotros. Si lo que hab\u00e9is o\u00eddo desde el principio permanece en vosotros, tambi\u00e9n vosotros permanecer\u00e9is en el Hijo y en el Padre. Y esta es la promesa que \u00e9l nos hizo, la vida eterna. <b>Os he escrito esto sobre los que os enga\u00f1an<\/b>.\u201d<b><\/b><\/p>\n<p><b><i>1\u00aa Juan 4:1:<\/i><\/b><\/p>\n<p style=\"text-align: left;\" align=\"center\">\u201cAmados, no cre\u00e1is a todo esp\u00edritu, sino probad los esp\u00edritus si son de Dios; porque <b>muchos falsos profetas han salido por el mundo<\/b>.\u201d<\/p>\n<p align=\"center\"><b>3.<\/b><b><i> \u00bfReligiosidad?<br \/>\n<\/i><\/b><b>La verdadera adoraci\u00f3n es sencilla y sincera.<\/b><\/p>\n<p><b><i>Mateo 4:10; 6:5-8; 18:20:<\/i><\/b><\/p>\n<p><b><i>\u00a0\u00a0\u00a0\u00a0\u00a0\u00a0\u00a0\u00a0\u00a0\u00a0\u00a0 <\/i><\/b>\u201cJes\u00fas le dijo: Vete, Satan\u00e1s, porque escrito est\u00e1: <b>Al Se\u00f1or tu Dios adorar\u00e1s<\/b>, y <b>a \u00e9l s\u00f3lo servir\u00e1s<\/b>.\u201d<\/p>\n<p>\u201cY cuando ores, no seas como los hip\u00f3critas; porque ellos aman el orar en pie en las sinagogas y en las esquinas de las calles, para ser vistos de los hombres; de cierto os digo que ya tienen su recompensa. Mas t\u00fa, cuando ores, entra en tu aposento, y cerrada la puerta,ora a tu Padre que est\u00e1 en secreto; y tu Padre que ve en lo secreto te recompensar\u00e1 en p\u00fablico. Y orando, <b>no us\u00e9is vanas repeticiones<\/b>, como los gentiles, que piensan que por su <b>palabrer\u00eda<\/b> ser\u00e1n o\u00eddos. No os hag\u00e1is, pues, semejantes a ellos; porque vuestro Padre sabe de qu\u00e9 cosas ten\u00e9is necesidad, antes que vosotros le pid\u00e1is.\u201d<\/p>\n<p>\u201c<b>Donde est\u00e1n dos o tres congregados en mi nombre, all\u00ed estoy yo en medio de ellos<\/b>.\u201d<\/p>\n<p><b><i>Lucas 1:46-48:<\/i><\/b><\/p>\n<p>\u201cEntonces Mar\u00eda dijo: \u2018<b>Engrandece mi alma al Se\u00f1or<\/b>; y mi esp\u00edritu se regocija en <b>Dios mi Salvador<\/b>. Porque ha mirado la bajeza de su sierva\u2026\u2019\u201d<\/p>\n<p><b><i>Juan 4:23-24: <\/i><\/b><\/p>\n<p>\u201cLa hora viene, y ahora es, cuando <b>los verdaderos adoradores<\/b> adorar\u00e1n al Padre <b>en esp\u00edritu y en verdad<\/b>; porque tambi\u00e9n el Padre tales adoradores busca que le adoren. Dios es Esp\u00edritu; y los que le adoran, <b>en esp\u00edritu y en verdad<\/b> es necesario que adoren.\u201d<\/p>\n<p><b><i>Colosenses 2:16-23: <\/i><\/b><\/p>\n<p>\u201cPor tanto, nadie os juzgue en comida o en bebida, o en cuanto a d\u00edas de fiesta, luna nueva o d\u00edas de reposo, todo lo cual es sombra de lo que ha de venir; pero el cuerpo es de Cristo. Nadie os prive de vuestro premio, afectando humildad y <b>culto a los \u00e1ngeles<\/b>, entremeti\u00e9ndose en lo que no ha visto, <b>vanamente hinchado<\/b> por su propia mente carnal, y no asi\u00e9ndose de la Cabeza, en virtud de quien todo el cuerpo, nutri\u00e9ndose y uni\u00e9ndose por las coyunturas y ligamentos, crece con el crecimiento que da Dios\u2026 \u00bfPor qu\u00e9, como si vivieseis en el mundo, os somet\u00e9is a preceptos tales como: \u2018No manejes, ni gustes, ni aun toques (en conformidad a <b>mandamientos y doctrinas de hombres<\/b>)\u2019, cosas que todas se destruyen con el uso? Tales cosas tienen a la verdad cierta reputaci\u00f3n de sabidur\u00eda en culto voluntario, en humildad y en duro trato del cuerpo; pero <b>no<\/b> tienen valor alguno contra los apetitos de la carne.\u201d<\/p>\n<p><b><i>Apocalipsis 3:15-20:<\/i><\/b><b> <\/b><\/p>\n<p>\u201cYo conozco tus obras, que <b>ni eres fr\u00edo ni caliente<\/b>. \u00a1Ojal\u00e1 fueses fr\u00edo o caliente! Pero por cuanto eres tibio, y no fr\u00edo ni caliente, <b>te vomitar\u00e9 de mi boca<\/b>. Porque t\u00fa dices: \u2018Yo soy rico, y me he enriquecido, y de ninguna cosa tengo necesidad\u2019; <b>y no sabes<\/b> que t\u00fa eres un desventurado, miserable, pobre, ciego y desnudo. Por tanto, yo te aconsejo que de m\u00ed compres oro refinado en fuego, para que seas rico, y vestiduras blancas para vestirte, y que no se descubra la verg\u00fcenza de tu desnudez; y unge tus ojos con colirio, para que veas. Yo reprendo y castigo a todos los que amo, s\u00e9, pues, celoso, y arrepi\u00e9ntete. He aqu\u00ed, yo estoy a la puerta y llamo; si alguno oye mi voz y abre la puerta, entrar\u00e9 a \u00e9l, y cenar\u00e9 con \u00e9l, y \u00e9l conmigo.\u201d<\/p>\n<p style=\"text-align: center;\"><b>4.<\/b><b><i> \u00bfObispo de Roma? \u00bfSucesor de San Pedro? \u00bfSu Santidad el Papa? \u00bfSanto Padre? \u00bfSumo Pont\u00edfice? \u00bfVicario de Cristo? \u00bfCabeza Visible de la Iglesia?<br \/>\n<\/i><\/b><b>Cristo, el Se\u00f1or, es todo. \u00c9l es \u201cla Roca\u201d; Pedro es una \u201cpiedra\u201d. <\/b><b><i><\/i><\/b><\/p>\n<p><b><i><br \/>\n<\/i><\/b><b><i>Deuteronomio 32:4: <\/i><\/b><\/p>\n<p><b><i>\u00a0\u00a0\u00a0\u00a0\u00a0\u00a0\u00a0\u00a0\u00a0\u00a0\u00a0 <\/i><\/b>\u201c\u00c9l es la <b>Roca<\/b>, cuya obra es perfecta, porque todos sus caminos son rectitud; Dios de verdad, y sin ninguna iniquidad en \u00e9l; es <a href=\"https:\/\/i2.wp.com\/ntmu.net\/wp-content\/uploads\/2013\/03\/image0231.jpg\"><img data-attachment-id=\"607\" data-permalink=\"https:\/\/ntmu.net\/?attachment_id=607\" data-orig-file=\"https:\/\/i2.wp.com\/ntmu.net\/wp-content\/uploads\/2013\/03\/image0231.jpg?fit=338%2C253&amp;ssl=1\" data-orig-size=\"338,253\" data-comments-opened=\"0\" data-image-meta=\"{&quot;aperture&quot;:&quot;0&quot;,&quot;credit&quot;:&quot;&quot;,&quot;camera&quot;:&quot;&quot;,&quot;caption&quot;:&quot;&quot;,&quot;created_timestamp&quot;:&quot;0&quot;,&quot;copyright&quot;:&quot;&quot;,&quot;focal_length&quot;:&quot;0&quot;,&quot;iso&quot;:&quot;0&quot;,&quot;shutter_speed&quot;:&quot;0&quot;,&quot;title&quot;:&quot;&quot;}\" data-image-title=\"image023\" data-image-description=\"\" data-medium-file=\"https:\/\/i2.wp.com\/ntmu.net\/wp-content\/uploads\/2013\/03\/image0231.jpg?fit=300%2C224&amp;ssl=1\" data-large-file=\"https:\/\/i2.wp.com\/ntmu.net\/wp-content\/uploads\/2013\/03\/image0231.jpg?fit=338%2C253&amp;ssl=1\" loading=\"lazy\" class=\"size-medium wp-image-607 alignright\" style=\"margin: 10px;\" alt=\"image023\" src=\"https:\/\/i2.wp.com\/ntmu.net\/wp-content\/uploads\/2013\/03\/image0231.jpg?resize=300%2C224\" width=\"300\" height=\"224\" srcset=\"https:\/\/i2.wp.com\/ntmu.net\/wp-content\/uploads\/2013\/03\/image0231.jpg?resize=300%2C224&amp;ssl=1 300w, https:\/\/i2.wp.com\/ntmu.net\/wp-content\/uploads\/2013\/03\/image0231.jpg?w=338&amp;ssl=1 338w\" sizes=\"(max-width: 300px) 100vw, 300px\" data-recalc-dims=\"1\" \/><\/a>justo y recto.\u201d<\/p>\n<p><b><i>2\u00ba Samuel 22:2-3, 32, 47:<\/i><\/b><\/p>\n<p>\u201c<b>El Se\u00f1or es mi<\/b> <b>Roca<\/b> y mi fortaleza, y mi libertador; Dios m\u00edo, fortaleza m\u00eda, en \u00e9l confiar\u00e9\u2026 Porque \u00bfqui\u00e9n es Dios, sino s\u00f3lo el <b>Se\u00f1or<\/b>? \u00bfY qu\u00e9 <b>roca<\/b> hay fuera de nuestro Dios? \u2026 Viva el <b>Se\u00f1or<\/b>, y bendita sea mi <b>Roca<\/b>, y engrandecido sea el Dios de mi salvaci\u00f3n.\u201d<b><i><\/i><\/b><\/p>\n<p><b><i>Salmos 62:6-7; 73:26; 95:1:<\/i><\/b><\/p>\n<p>\u201c<b>\u00c9l solamente es mi<\/b> <b>Roca<\/b> y mi salvaci\u00f3n. Es mi refugio, no resbalar\u00e9. En Dios est\u00e1 mi salvaci\u00f3n y mi gloria; en Dios est\u00e1 mi <b>roca<\/b> fuerte\u2026\u201d<\/p>\n<p>\u201cMi carne y mi coraz\u00f3n desfallecen; mas la <b>roca<\/b> de mi coraz\u00f3n y mi porci\u00f3n es Dios para siempre.\u201d<\/p>\n<p>\u201cVenid, aclamemos alegremente al <b>Se\u00f1or<\/b>; cantemos con j\u00fabilo a <b>la roca de nuestra salvaci\u00f3n<\/b>.\u201d<\/p>\n<p><b><i>Mateo 16:15-18, 22-23; 23:9-10:\u00a0\u00a0\u00a0\u00a0\u00a0\u00a0\u00a0\u00a0\u00a0\u00a0 <\/i><\/b><\/p>\n<p>\u201cEl les dijo: \u2018Y vosotros, \u00bfqui\u00e9n dec\u00eds que soy yo?\u2019 Respondiendo Sim\u00f3n Pedro, dijo: \u2018<b>T\u00fa eres el Cristo, el Hijo del Dios viviente<\/b>\u2019, Entonces le respondi\u00f3 Jes\u00fas: \u2018Bienaventurado eres, Sim\u00f3n, hijo de Jon\u00e1s, porque no te lo revel\u00f3 carne ni sangre, sino mi Padre que est\u00e1 en los cielos. Y yo tambi\u00e9n te digo, que t\u00fa eres Pedro <i>(\u2018petros\u2019<\/i> en griego = piedra), y sobre esta <b><span style=\"text-decoration: underline;\">Roca<\/span><\/b> <i>(\u2018petra\u2019<\/i> en griego) edificar\u00e9 mi iglesia\u2019.\u201d<\/p>\n<p>\u201cEntonces Pedro, tom\u00e1ndolo aparte, comenz\u00f3 a reconvenirle, diciendo: \u2018Se\u00f1or, ten compasi\u00f3n de ti; en ninguna manera esto te acontezca\u2019. Pero \u00e9l, volvi\u00e9ndose, <b>dijo a Pedro: \u2018\u00a1Qu\u00edtate de delante de m\u00ed, Satan\u00e1s!; me eres tropiezo, porque no pones la mira en las cosas de Dios, sino en las de los hombres\u2019<\/b>.\u201d<\/p>\n<p>\u201cNo llam\u00e9is <b>padre vuestro a nadie en la tierra<\/b>; porque <b>uno<\/b> es vuestro Padre, <b>el que est\u00e1 en los cielos<\/b>. Ni se\u00e1is llamados maestros; porque <b>uno<\/b> es vuestro Maestro, el Cristo.\u201d<b><i> <\/i><\/b><\/p>\n<p><b><i>Marcos 10:42-44:<\/i><\/b><\/p>\n<p>\u201cJes\u00fas, llam\u00e1ndolos, les dijo: \u2018Sab\u00e9is que los que son tenidos por gobernantes de las naciones se ense\u00f1orean de ellas, y sus grandes ejercen sobre ellas potestad. <b>Pero no ser\u00e1 as\u00ed entre vosotros<\/b>, sino que el que quiera hacerse grande entre vosotros ser\u00e1 vuestro servidor, y el que de vosotros quiera ser el primero, ser\u00e1 siervo de todos\u2019.\u201d<\/p>\n<p><b><i>Hechos 10:25-26:<\/i><\/b><\/p>\n<p>\u201cCuando Pedro entr\u00f3, sali\u00f3 Cornelio a recibirle, y <b>postr\u00e1ndose a sus pies<\/b>, ador\u00f3. <b>Mas Pedro le levant\u00f3, diciendo: <\/b>\u2018<b>Lev\u00e1ntate, pues yo mismo tambi\u00e9n soy hombre<\/b>\u2019.\u201d<\/p>\n<p><b><i>1\u00aa Corintios 3:11:<\/i><\/b><\/p>\n<p><b><i>\u00a0<\/i><\/b>\u00a0\u00a0\u00a0\u00a0\u00a0\u00a0\u00a0\u00a0\u00a0\u00a0 <b>\u201cNadie puede poner otro fundamento que el que est\u00e1 puesto, el cual es Jesucristo\u201d.\u00a0 <i><\/i><\/b><\/p>\n<p><b><i>G\u00e1latas 2:11-13: <\/i><\/b><\/p>\n<p>\u201cCuando Pedro vino a Antioqu\u00eda, <b>le resist\u00ed cara a cara, porque era de condenar<\/b>. Pues antes que viniesen algunos de parte de Jacobo, com\u00eda con los gentiles; pero despu\u00e9s que vinieron, se retra\u00eda y se apartaba, porque <b>ten\u00eda miedo<\/b> de los de la circuncisi\u00f3n. Y en su <b>simulaci\u00f3n<\/b> participaban tambi\u00e9n los otros jud\u00edos, de tal manera que aun Bernab\u00e9 fue tambi\u00e9n arrastrado por la <b>hipocres\u00eda<\/b> de ellos.\u201d<\/p>\n<p><b><i>Efesios 1:20-23; 2:19-22:<\/i><\/b><\/p>\n<p>\u201c<b>Cristo<\/b><i>\u2026 <\/i>sobre todo principado y autoridad y poder y se\u00f1or\u00edo, y sobre todo nombre que se nombra, no s\u00f3lo en este siglo, sino tambi\u00e9n en el venidero; y someti\u00f3 todas las cosas bajo sus pies, y lo dio por cabeza sobre todas las cosas a la iglesia, la cual es su cuerpo, la plenitud de Aquel que todo lo llena en todo.\u201d<\/p>\n<p>\u201cAs\u00ed que ya no sois extranjeros ni advenedizos, sino conciudadanos<b> <\/b>de los santos, y miembros de la familia de Dios, edificados <b>sobre el fundamento de los ap\u00f3stoles y profetas<\/b>, <b>siendo la principal piedra del \u00e1ngulo Jesucristo mismo<\/b>, en quien todo el edificio, bien coordinado, va creciendo para ser un templo santo en el Se\u00f1or; en quien vosotros tambi\u00e9n sois juntamente edificados para morada de Dios en el Esp\u00edritu.\u201d<\/p>\n<p><b><i>Hebreos 2:17; 3:1; 4:14-15; 7:26-28; 9:11-12: <\/i><\/b><\/p>\n<p>\u201c(Cristo) deb\u00eda ser en todo semejante a sus hermanos, para venir a ser misericordioso y fiel <b>sumo<\/b> <b>sacerdote<\/b> en lo que a Dios se refiere, para expiar los pecados del pueblo.\u201d<b><i><\/i><\/b><\/p>\n<p>\u201cPor tanto, hermanos santos, participantes del llamamiento celestial, considerad al <b>ap\u00f3stol<\/b> y <b>sumo<\/b> <b>sacerdote<\/b> de nuestra profesi\u00f3n, <b>Cristo Jes\u00fas<\/b>\u2026\u201d<\/p>\n<p>\u201cPor tanto, teniendo un <b>gran<\/b> <b>sumo<\/b> <b>sacerdote<\/b> que traspas\u00f3 los cielos,<b> Jes\u00fas<\/b> el Hijo de Dios, retengamos nuestra profesi\u00f3n. Porque no tenemos un <b>sumo<\/b> <b>sacerdote<\/b> que no pueda compadecerse de nuestras debilidades, sino uno que fue tentado en todo seg\u00fan nuestra semejanza, pero sin pecado.\u201d<\/p>\n<p>\u201cPorque <b>tal sumo<\/b> <b>sacerdote<\/b> nos conven\u00eda: santo, inocente, sin mancha, apartado de los pecadores, y hecho m\u00e1s sublime que los cielos; que <b>no tiene necesidad cada d\u00eda<\/b>, como<b> aquellos<\/b> sumos sacerdotes, de ofrecer primero sacrificios por sus propios pecados, y luego por los del pueblo; porque esto <b>lo hizo una vez para siempre<\/b>, ofreci\u00e9ndose a s\u00ed mismo. Porque la ley constituye sumos sacerdotes a d\u00e9biles hombres; pero la palabra del juramento, posterior a la ley, <b>al Hijo, hecho perfecto para siempre<\/b>.\u201d<\/p>\n<p>\u201cPero estando ya presente <b>Cristo<\/b>, <b>sumo<\/b><b> sacerdote<\/b> de los bienes venideros, por el m\u00e1s amplio y m\u00e1s perfecto tabern\u00e1culo, no hecho de manos, es decir, no de esta creaci\u00f3n, \u2026<b>por su propia sangre<\/b>, entr\u00f3 una vez para siempre en el Lugar Sant\u00edsimo, habiendo obtenido eterna redenci\u00f3n.\u201d<\/p>\n<p><b><i>1\u00aa Pedro 2:4-6:<\/i><\/b><\/p>\n<p>\u201cAcerc\u00e1ndoos a <b>\u00c9l, piedra viva, desechada ciertamente por los hombres<\/b>, mas <b>para Dios escogida y preciosa<\/b>, vosotros tambi\u00e9n, como <b>piedras vivas<\/b>, sed edificados como casa espiritual y sacerdocio santo, para ofrecer sacrificios espirituales aceptables a Dios por medio de Jesucristo. Por lo cual tambi\u00e9n contiene la Escritura: \u2018He aqu\u00ed, pongo en Sion <b>la principal piedra del \u00e1ngulo, escogida, preciosa<\/b>; y el que creyere en <b>\u00c9l<\/b>, no ser\u00e1 avergonzado\u2019.\u201d<\/p>\n<p><b><i>Apocalipsis 17:3:<\/i><\/b><\/p>\n<p>\u201c\u2026y vi a una mujer sentada sobre una bestia escarlata <b>llena de nombres de blasfemia<\/b>\u2026\u201d<\/p>\n<p align=\"center\"><b>5. <\/b><b><i>\u00bfMadre de Dios? \u00bfMadre de la Iglesia? \u00bfReina del Cielo? \u00bfMediadora de todas las gracias? \u00bfCo-Redentora?<\/i><\/b><b><i><br \/>\n<\/i><\/b><b>Mar\u00eda \u2013 salvada por gracia \u2013 es sierva de Dios y madre de Jes\u00fas.<\/b><b><\/b><\/p>\n<p><b><i>Jerem\u00edas 44:25-27:<\/i><\/b><\/p>\n<p>\u201cAs\u00ed ha hablado el <b>Se\u00f1or<\/b>&#8230;, Dios de Israel, diciendo: Vosotros y vuestras mujeres hablasteis.., diciendo: \u2018Cumpliremos efectivamente nuestros votos que hicimos, de ofrecer incienso a <b>la reina del<\/b><b> cielo<\/b> y derramarle libaciones\u2026\u2019 Por tanto, o\u00edd palabra del <b>Se\u00f1or<\/b>\u2026 \u2018He aqu\u00ed que yo velo sobre ellos <b>para mal<\/b>, y no para bien\u2026\u2019\u201d<\/p>\n<p><b><i>Isa\u00edas 43:11, 13: <\/i><\/b><\/p>\n<p>\u201cYo, yo el <b>Se\u00f1or<\/b>, y fuera de m\u00ed <b>no hay quien salve<\/b>\u2026 &#8211; y <b>no hay quien<\/b> de mi mano libre. Lo que hago yo, \u00bf<b>qui\u00e9n<\/b> lo estorbar\u00e1?\u201d<\/p>\n<p><b><i>Mateo 6:6-8:<\/i><\/b><\/p>\n<p>\u201cMas t\u00fa, cuando ores, entra en tu aposento, y cerrada la puerta,ora <b>a tu Padre<\/b> que est\u00e1 en secreto; y <b>tu Padre<\/b> que ve en lo secreto te recompensar\u00e1 en p\u00fablico. Y orando, <b>no us\u00e9is vanas repeticiones<\/b>, como los gentiles, que piensan que por su <b>palabrer\u00eda<\/b> ser\u00e1n o\u00eddos. No os hag\u00e1is, pues, semejantes a ellos; porque <b>vuestro Padre<\/b> sabe de qu\u00e9 cosas ten\u00e9is necesidad, antes que vosotros le pid\u00e1is.\u201d<\/p>\n<p><b><i>Lucas 1:3, 47-48; 11:27-28:<\/i><\/b><\/p>\n<p>\u201cMar\u00eda dijo: \u2018He aqu\u00ed la <b>sierva del<\/b><b> Se\u00f1or<\/b>; h\u00e1gase conmigo conforme a tu palabra\u2019.\u201d<\/p>\n<p>\u201cMi esp\u00edritu se regocija en Dios <b>mi Salvador<\/b>. Porque ha mirado la <b>bajeza de<\/b><b> su sierva<\/b>\u2026\u201d<\/p>\n<p>\u201cMientras \u00e9l dec\u00eda estas cosas, una mujer de entre la multitud levant\u00f3 la voz y le dijo: \u2018Bienaventurado el vientre que te trajo, y los senos que mamaste\u2019. Y \u00e9l dijo: <b>\u2018Antes bienaventurados los que oyen la palabra de Dios, y la guardan\u2019<\/b>.\u201d<\/p>\n<p><b><i>Juan 2:5:<\/i><\/b><\/p>\n<p><b><i>\u00a0<\/i><\/b>\u201cSu madre dijo\u2026: \u2018<b>Haced todo lo que os dijere<\/b>\u2019.\u201d<b><i><\/i><\/b><\/p>\n<p><b><i>Hechos 1:14-15 <\/i><\/b><i>(<b>\u00faltima menci\u00f3n de \u201cMar\u00eda\u201d<\/b> en la Biblia, siendo ella totalmente omitida en los <b>27<\/b> cap\u00edtulos restantes de Hechos, y en los siguientes <b>22<\/b> libros del Nuevo Testamento, escritos por Lucas, Pablo, Santiago, Pedro, Juan y Judas)<b>:<\/b><\/i><\/p>\n<p>\u201cTodos \u00e9stos perseveraban un\u00e1nimes en <b>oraci\u00f3n y ruego<\/b>, con las mujeres, y <b>con<\/b> Mar\u00eda la madre de Jes\u00fas, y con sus hermanos\u2026 (y los reunidos eran como ciento veinte en n\u00famero).\u201d<\/p>\n<p><b><i>Romanos 3:10-12; 22-25: <\/i><\/b><\/p>\n<p>\u201cComo est\u00e1 escrito: \u2018<b>No hay justo, ni aun uno<\/b>; no hay quien entienda, no hay quien busque a Dios. <b>Todos<\/b> se desviaron, a una se hicieron in\u00fatiles; <b>no hay quien haga lo bueno, no hay ni siquiera uno<\/b>.\u201d<b><i><\/i><\/b><\/p>\n<p>\u201cPorque <b>no hay diferencia<\/b>, por cuanto <b>todos pecaron, y est\u00e1n destituidos<\/b> de la gloria de Dios, siendo justificados <b>gratuitamente<\/b> por su gracia, mediante la redenci\u00f3n que es en Cristo Jes\u00fas, a quien Dios puso como propiciaci\u00f3n <b>por medio de la fe<\/b> en su sangre\u2026\u201d<\/p>\n<p><b><i>1\u00aa Timoteo 2:5-6:<\/i><\/b>\u00a0\u00a0\u00a0 <b><i><\/i><\/b><\/p>\n<p>\u201cHay un solo Dios, <b>y un solo mediador<\/b> entre Dios y los hombres, Jesucristo hombre, el cual se dio a s\u00ed mismo en rescate por todos\u2026\u201d<\/p>\n<p align=\"center\"><b>6. <\/b><b><i>\u00bfPerpetua virginidad?<\/i><\/b><b><i><br \/>\n<\/i><\/b><b>Mar\u00eda, esposa fiel, despu\u00e9s de tener a Jes\u00fas, lleg\u00f3 a ser madre de cuatro hijos varones m\u00e1s y varias hijas.<\/b><b><\/b><\/p>\n<p><b><i>Salmo 69:8<\/i><\/b><i> (Jes\u00fas hablando en profec\u00eda a trav\u00e9s de David):<\/i><b><\/b><\/p>\n<p>&#8220;Extra\u00f1o he sido <b>para mis hermanos<\/b>, y desconocido <b>para los hijos de mi madre<\/b>.&#8221;<\/p>\n<p><b><i>Mateo 1:18-25; 12:46-50; 13:55-56:<\/i><\/b><\/p>\n<p>\u201cEl nacimiento de Jesucristo fue as\u00ed: Estando desposada Mar\u00eda su madre con Jos\u00e9, antes que se juntasen, se hall\u00f3 que hab\u00eda concebido del Esp\u00edritu Santo. Jos\u00e9 su marido, como era justo, y no quer\u00eda infamarla, quiso dejarla secretamente. Y pensando \u00e9l en esto, he aqu\u00ed un \u00e1ngel del Se\u00f1or le apareci\u00f3 en sue\u00f1os y le dijo: Jos\u00e9, hijo de David, no temas recibir a Mar\u00eda tu mujer, porque lo que en ella es engendrado, del Esp\u00edritu Santo es. Y dar\u00e1 a luz un hijo, y llamar\u00e1s su nombre JES\u00daS, porque \u00e9l salvar\u00e1 a su pueblo de sus pecados. Todo esto aconteci\u00f3 para que se cumpliese lo dicho por el Se\u00f1or por medio del profeta, cuando dijo: He aqu\u00ed, una virgen concebir\u00e1 y dar\u00e1 a luz un hijo, y llamar\u00e1s su nombre Emanuel, que traducido es: Dios con nosotros. Y despertando Jos\u00e9 del sue\u00f1o, hizo como el \u00e1ngel del Se\u00f1or le hab\u00eda mandado, y recibi\u00f3 a su mujer. Pero no la conoci\u00f3 <b>hasta<\/b> que dio a luz a su hijo <b>primog\u00e9nito<\/b>; y le puso por nombre JES\u00daS.<\/p>\n<p>&#8220;Mientras \u00e9l a\u00fan hablaba a la gente, he aqu\u00ed <b>su madre y sus hermanos<\/b> estaban afuera, y le quer\u00edan hablar. Y le dijo uno: &#8216;He aqu\u00ed <b>tu madre y tus hermanos<\/b> est\u00e1n afuera, y te quieren hablar&#8217;. Respondiendo \u00e9l al que le dec\u00eda esto, dijo: &#8216;\u00bfQui\u00e9n es mi madre, y qui\u00e9nes son mis hermanos?&#8217; Y extendiendo su mano hacia sus disc\u00edpulos, dijo: &#8216;He aqu\u00ed mi madre y mis hermanos. Porque todo aquel que hace la voluntad de mi Padre que est\u00e1 en los cielos, \u00e9se es mi hermano, y hermana, y madre&#8217;.&#8221;<\/p>\n<p>&#8220;\u00bfNo es \u00e9ste el hijo del carpintero? \u00bfNo se llama su madre Mar\u00eda, y <b>sus hermanos, Jacobo, Jos\u00e9, Sim\u00f3n y Judas<\/b>? \u00bfNo est\u00e1n <b>todas sus hermanas<\/b> con nosotros?&#8221;<\/p>\n<p><b><i>Juan 7:3-5:\u00a0 <\/i><\/b><\/p>\n<p>&#8220;Le dijeron sus hermanos: &#8216;Sal de aqu\u00ed, y vete a Judea&#8230;&#8217;. Porque ni aun sus hermanos cre\u00edan en \u00e9l.&#8221;<\/p>\n<p align=\"center\"><b>7. <\/b><b><i>\u00bfConfesi\u00f3n auricular ante un hombre pecador? \u00bfPenitencia?<\/i><\/b><b><i><br \/>\n<\/i><\/b><b>Dios mismo acepta el arrepentimiento y la confesi\u00f3n; es \u00c9l quien perdona.<\/b><b><i><\/i><\/b><\/p>\n<p><b><i>Salmos 32:1-5; 41:4; 49:7-8; 51:3-4: <\/i><\/b><\/p>\n<p>\u201cBienaventurado aquel cuya transgresi\u00f3n <b>ha sido perdonada, y cubierto su pecado<\/b>. Bienaventurado el hombre a quien el <b>Se\u00f1or<\/b> <a href=\"https:\/\/i0.wp.com\/ntmu.net\/wp-content\/uploads\/2013\/03\/image0251.gif\"><img data-attachment-id=\"608\" data-permalink=\"https:\/\/ntmu.net\/?attachment_id=608\" data-orig-file=\"https:\/\/i0.wp.com\/ntmu.net\/wp-content\/uploads\/2013\/03\/image0251.gif?fit=344%2C396&amp;ssl=1\" data-orig-size=\"344,396\" data-comments-opened=\"0\" data-image-meta=\"{&quot;aperture&quot;:&quot;0&quot;,&quot;credit&quot;:&quot;&quot;,&quot;camera&quot;:&quot;&quot;,&quot;caption&quot;:&quot;&quot;,&quot;created_timestamp&quot;:&quot;0&quot;,&quot;copyright&quot;:&quot;&quot;,&quot;focal_length&quot;:&quot;0&quot;,&quot;iso&quot;:&quot;0&quot;,&quot;shutter_speed&quot;:&quot;0&quot;,&quot;title&quot;:&quot;&quot;}\" data-image-title=\"image025\" data-image-description=\"\" data-medium-file=\"https:\/\/i0.wp.com\/ntmu.net\/wp-content\/uploads\/2013\/03\/image0251.gif?fit=260%2C300&amp;ssl=1\" data-large-file=\"https:\/\/i0.wp.com\/ntmu.net\/wp-content\/uploads\/2013\/03\/image0251.gif?fit=344%2C396&amp;ssl=1\" loading=\"lazy\" class=\"size-medium wp-image-608 alignright\" style=\"margin: 10px;\" alt=\"image025\" src=\"https:\/\/i0.wp.com\/ntmu.net\/wp-content\/uploads\/2013\/03\/image0251.gif?resize=260%2C300\" width=\"260\" height=\"300\" data-recalc-dims=\"1\" \/><\/a>no culpa de iniquidad, en cuyo esp\u00edritu no hay enga\u00f1o. Mientras call\u00e9, se envejecieron mis huesos en mi gemir todo el d\u00eda. Porque de d\u00eda y de noche se agrav\u00f3 sobre m\u00ed tu mano; se volvi\u00f3 mi verdor en sequedades de verano. <b>Mi pecado te declar\u00e9, y no encubr\u00ed mi iniquidad. Dije: \u2018Confesar\u00e9 mis transgresiones al <\/b><b>Se\u00f1or<\/b><b>\u2019; y t\u00fa perdonaste<\/b> la maldad de mi pecado.\u201d<\/p>\n<p>\u201cYo dije: \u2018<b>Se\u00f1or<\/b>, ten misericordia de m\u00ed; sana mi alma, porque <b>contra ti he pecado<\/b>\u2019.\u201d<\/p>\n<p>\u201c<b>Ninguno de ellos podr\u00e1<\/b> en manera alguna redimir al hermano, ni dar a Dios su rescate (porque la redenci\u00f3n de su vida es de gran precio, y no se lograr\u00e1 jam\u00e1s).\u201d<\/p>\n<p>\u201c<b>Yo reconozco<\/b> mis rebeliones, y mi pecado est\u00e1 siempre delante de m\u00ed. <b>Contra ti, contra ti solo he pecado<\/b>, y he hecho lo malo delante de <b>tus<\/b> ojos.\u201d<\/p>\n<p><b><i>Proverbios 28:13:<\/i><\/b><\/p>\n<p>\u201cEl que encubre sus pecados no prosperar\u00e1; mas <b>el que los confiesa y se aparta<\/b> alcanzar\u00e1 misericordia.\u201d<\/p>\n<p><b><i>Marcos 10:45:<\/i><\/b><\/p>\n<p>\u201cPorque el Hijo del Hombre no vino para ser servido, sino para servir, y <b>para dar su vida en rescate por muchos<\/b>.\u201d<\/p>\n<p><b><i>Lucas 15:20-24; 24:45-47: <\/i><\/b><\/p>\n<p>\u201cLevant\u00e1ndose, vino a su padre. Y cuando a\u00fan estaba lejos, lo vio su padre, y fue movido a misericordia, y corri\u00f3, y se ech\u00f3 sobre su cuello, y le bes\u00f3. Y el hijo le dijo: <b>\u2018Padre, he pecado contra el cielo y contra ti, y ya no soy digno de ser llamado tu hijo\u2019<\/b>. Pero el padre dijo a sus siervos: \u2018Sacad el mejor vestido, y vestidle; y poned un anillo en su mano, y calzado en sus pies. Y traed el becerro gordo y matadlo, y comamos y hagamos fiesta; porque este mi hijo muerto era, y ha revivido; se hab\u00eda perdido, y es hallado\u2019. Y comenzaron a regocijarse.\u201d<\/p>\n<p>\u201cLes abri\u00f3 el entendimiento, para que comprendiesen las Escrituras; y les dijo: \u2018As\u00ed est\u00e1 escrito, y as\u00ed fue necesario que el Cristo padeciese, y resucitase de los muertos al tercer d\u00eda; y <b>que se predicase en su nombre el arrepentimiento y el perd\u00f3n de pecados<\/b> en todas las naciones, comenzando desde Jerusal\u00e9n\u2019.\u201d<\/p>\n<p><b><i>Hechos 8:20-23:<\/i><\/b><\/p>\n<p>\u201cEntonces Pedro le dijo: \u2018Tu dinero perezca contigo, porque has pensado que el don de Dios se obtiene con dinero. No tienes t\u00fa parte ni suerte en este asunto, porque tu coraz\u00f3n no es recto delante de Dios. <b>Arrepi\u00e9ntete, pues, de esta tu maldad, y ruega a Dios<\/b>, si quiz\u00e1 te sea perdonado el pensamiento de tu coraz\u00f3n; porque en hiel de amargura y en prisi\u00f3n de maldad veo que est\u00e1s\u2019.\u201d<b><i><\/i><\/b><\/p>\n<p><b><i>1\u00aa Juan 1:8-10: <\/i><\/b><\/p>\n<p>\u201cSi decimos que no tenemos pecado, nos enga\u00f1amos a nosotros mismos, y la verdad no est\u00e1 en nosotros. <b>Si confesamos nuestros pecados<\/b>, <b>\u00c9l es fiel y justo para perdonar nuestros pecados<\/b>, y limpiarnos de toda maldad. Si decimos que no hemos pecado, le hacemos a<b> \u00c9l<\/b> mentiroso, y <b>su<\/b> palabra no est\u00e1 en nosotros.\u201d<\/p>\n<p align=\"center\"><b>8. <\/b><b><i>\u00bfObras Meritorias?<\/i><\/b><br \/>\n<b>Es la gracia de Dios <\/b>(su favor <b>no<\/b> merecido), <b>la que salva al pecador, cuando es recibida por sencilla fe.<\/b><\/p>\n<p><b><i>Juan 6:28-29:<\/i><\/b><\/p>\n<p>\u201cEntonces le dijeron: \u2018\u00bfQu\u00e9 debemos hacer para poner en pr\u00e1ctica las obras de Dios?\u2019 Respondi\u00f3 Jes\u00fas y les dijo: \u2018<b>Esta es la obra de Dios, que cre\u00e1is en el que \u00e9l ha enviado<\/b>\u2019.\u201d<b><\/b><\/p>\n<p><b><i>Romanos 3:22-25; 5:2-8; 10:6:<\/i><\/b><b><i> <\/i><\/b><\/p>\n<p>\u201cLa justicia de Dios por medio de la fe en Jesucristo, para todos los que creen en \u00e9l. Porque <b>no hay diferencia<\/b>, por cuanto <b>todos <\/b>pecaron, y est\u00e1n destituidos de la gloria de Dios, <b>siendo justificados gratuitamente por su gracia<\/b>, mediante la redenci\u00f3n que es en Cristo Jes\u00fas, a quien Dios puso como propiciaci\u00f3n por medio de la fe en su sangre\u2026\u201d<b><i><\/i><\/b><\/p>\n<p>\u201cSi Abraham fue justificado por <b>las obras<\/b>, tiene de qu\u00e9 gloriarse, pero no para con Dios. Porque \u00bfqu\u00e9 dice la Escritura? \u2018<b>Crey\u00f3<\/b> Abraham a Dios, y le fue contado por justicia\u2019. Pero al que obra, no se le cuenta el salario como gracia, sino como deuda; mas al que no obra, sino cree en aquel que justifica al imp\u00edo, <b>su fe le es contada por justicia<\/b>. Como tambi\u00e9n David habla de la bienaventuranza del hombre a quien Dios atribuye justicia sin obras, diciendo: \u2018Bienaventurados aquellos cuyas iniquidades son perdonadas, y cuyos pecados son cubiertos. Bienaventurado el var\u00f3n a quien el Se\u00f1or no inculpa de pecado\u2019.\u201d<b><i><\/i><\/b><\/p>\n<p>\u201cY si por gracia, <b>ya no es por obras<\/b>; de otra manera la gracia ya no es gracia. Y si por obras, ya no es gracia; de otra manera la obra ya no es obra.\u201d<\/p>\n<p><b><i>Efesios 2:1-10:<\/i><\/b><\/p>\n<p>\u201cY \u00e9l os dio vida a vosotros, cuando estabais <b>muertos<\/b> en vuestros delitos y pecados, en los cuales anduvisteis en otro tiempo, siguiendo la corriente de este mundo, conforme al pr\u00edncipe de la potestad del aire, el esp\u00edritu que ahora opera en los hijos de desobediencia, entre los cuales tambi\u00e9n todos nosotros vivimos en otro tiempo en los deseos de nuestra carne, haciendo la voluntad de la carne y de los pensamientos, y \u00e9ramos por naturaleza hijos de ira, lo mismo que los dem\u00e1s. Pero Dios, que es rico en misericordia, por su gran amor con que nos am\u00f3, <b>aun estando nosotros muertos en pecados, nos dio vida juntamente con Cristo (por gracia sois salvos)<\/b>, y juntamente con \u00e9l nos resucit\u00f3, y asimismo nos hizo sentar en los lugares celestiales con Cristo Jes\u00fas, para mostrar en los siglos venideros las abundantes riquezas de su gracia en su bondad para con nosotros en Cristo Jes\u00fas. <b>Porque por gracia sois salvos por medio de la fe; y esto no de vosotros<\/b>, pues es don de Dios; <b>no por obras<\/b>, para que nadie se glor\u00ede. Porque somos hechura suya, creados en Cristo Jes\u00fas<b> para<\/b> buenas obras, las cuales Dios prepar\u00f3 de antemano para que anduvi\u00e9semos en ellas.\u201d<\/p>\n<p><b><i>Tito 3:3-7: <\/i><\/b><\/p>\n<p style=\"text-align: left;\" align=\"center\">\u201cPorque nosotros tambi\u00e9n \u00e9ramos en otro tiempo insensatos, rebeldes, extraviados, esclavos de concupiscencias y deleites diversos, viviendo en malicia y envidia, aborrecibles, y aborreci\u00e9ndonos unos a otros. Pero cuando se manifest\u00f3 la bondad de Dios nuestro Salvador, y su amor para con los hombres<b>, nos salv\u00f3, no por obras de justicia que nosotros hubi\u00e9ramos hecho, sino por su misericordia<\/b>, por el lavamiento de la regeneraci\u00f3n y por la renovaci\u00f3n en el Esp\u00edritu Santo, el cual derram\u00f3 en nosotros abundantemente por Jesucristo nuestro Salvador, para que <b>justificados por su gracia<\/b>, vini\u00e9semos a ser herederos conforme a la esperanza de la vida eterna.\u201d<\/p>\n<p align=\"center\"><b>9. <\/b><b><i>\u00bfSalvaci\u00f3n en la Iglesia? \u00bfEn Mar\u00eda? \u00bfEn los sacramentos? \u00bfEn \u201cmi director espiritual\u201d? \u00bfEn mis obras?<\/i><\/b><b><i><br \/>\n<\/i><\/b><b>La salvaci\u00f3n no puede estar m\u00e1s que en el Salvador, en Jesucristo, exclusivamente.<\/b> <b><i><\/i><\/b><\/p>\n<p><b><i>\u00a0Salmo 146:3:<\/i><\/b><\/p>\n<p>\u201cNo confi\u00e9is en los pr\u00edncipes, ni en hijo de hombre, porque <b>no hay en \u00e9l salvaci\u00f3n<\/b>.\u201d<b><\/b><\/p>\n<p><b><i>Isa\u00edas 43:11: <\/i><\/b><b><\/b><\/p>\n<p>\u201cYo, yo el <b>Se\u00f1or<\/b>, y fuera de m\u00ed <b>no hay quien salve<\/b>.\u201d<\/p>\n<p><b><i>Juan \u00a04:14; 5:24; 6:35, 67-69; 14:6:<\/i><\/b><\/p>\n<p>\u201cEl que bebiere del agua que yo le dar\u00e9, <b>no tendr\u00e1 sed jam\u00e1s<\/b>; sino que el agua que yo le dar\u00e9 ser\u00e1 en \u00e9l una fuente de agua que salte <b>para vida eterna<\/b>.\u201d<\/p>\n<p>\u201cDe cierto, de cierto os digo: El que oye mi palabra, y cree al que me envi\u00f3, <b>tiene vida eterna<\/b>; y <b>no vendr\u00e1 a condenaci\u00f3n<\/b>, mas <b>ha pasado de muerte a vida<\/b>.\u201d<b><i> <\/i><\/b><\/p>\n<p>\u201cJes\u00fas les dijo: Yo soy el pan de vida; <b>el que a m\u00ed viene, nunca tendr\u00e1 hambre<\/b>; y <b>el que en m\u00ed cree, no tendr\u00e1 sed jam\u00e1s<\/b>.\u201d<\/p>\n<p>\u201cDijo entonces Jes\u00fas a los doce: \u2018\u00bfQuer\u00e9is acaso iros tambi\u00e9n vosotros?\u2019 Le respondi\u00f3 Sim\u00f3n Pedro: \u2018<b>Se\u00f1or, \u00bfa qui\u00e9n iremos? T\u00fa tienes palabras de vida eterna<\/b>. Y nosotros hemos cre\u00eddo y conocemos que t\u00fa eres el Cristo, el Hijo del Dios viviente\u2019.\u201d<b><i><\/i><\/b><\/p>\n<p>\u201cJes\u00fas le dijo: \u2018<b>Yo soy el camino, y la verdad, y la vida<\/b>; <b>nadie<\/b> viene al Padre, <b>sino por m\u00ed<\/b>\u2019.\u201d<\/p>\n<p><b><i>Hechos 4:11-12: <\/i><\/b><\/p>\n<p><i>\u00a0\u00a0\u00a0\u00a0\u00a0\u00a0\u00a0\u00a0\u00a0\u00a0\u00a0 \u201c<\/i>Este Jes\u00fas es la piedra reprobada por vosotros los edificadores, la cual ha venido a ser <b>cabeza del \u00e1ngulo<\/b>. Y <b>en ning\u00fan otro hay salvaci\u00f3n<\/b>; porque <b>no hay otro nombre<\/b> bajo el cielo, dado a los hombres, <b>en que podamos ser salvos<\/b>.\u201d<\/p>\n<p><b><i>Romanos 6:23; 10:8-13:<\/i><\/b><\/p>\n<p>\u201cLa paga del pecado es muerte, mas la d\u00e1diva de Dios es vida eterna en Cristo Jes\u00fas Se\u00f1or nuestro.\u201d<\/p>\n<p>\u201cEsta es la palabra de fe que predicamos: que si confesares con tu boca que Jes\u00fas es el Se\u00f1or, y creyeres en tu coraz\u00f3n que Dios le levant\u00f3 de los muertos, ser\u00e1s salvo. Porque con el coraz\u00f3n se cree para justicia, pero con la boca se confiesa para salvaci\u00f3n. Pues la Escritura dice: Todo aquel que en \u00e9l creyere, no ser\u00e1 avergonzado. Porque no hay diferencia entre jud\u00edo y griego, pues el mismo que es Se\u00f1or de todos, es rico para con todos los que le invocan; porque todo aquel que invocare el nombre del Se\u00f1or, ser\u00e1 salvo.\u201d<\/p>\n<p><b><i>1\u00aa Juan 5:11-13:<\/i><\/b><\/p>\n<p>\u201cY este es el testimonio: que Dios <b>nos ha dado vida eterna; y esta vida est\u00e1 en su Hijo<\/b>. El que <b>tiene<\/b> al Hijo, <b>tiene<\/b> la vida; el que <b>no tiene<\/b> al Hijo de Dios <b>no tiene<\/b> la vida. Estas cosas os he escrito a vosotros que cre\u00e9is en el nombre del Hijo de Dios, <b>para que sep\u00e1is que ten\u00e9is vida eterna<\/b>, y para que cre\u00e1is en el nombre del Hijo de Dios.\u201d<\/p>\n<p><b><i>Apocalipsis 19:1:<\/i><\/b><\/p>\n<p>\u201cDespu\u00e9s de esto o\u00ed una gran voz de gran multitud en el cielo, que dec\u00eda: \u2018\u00a1Aleluya! <b>Salvaci\u00f3n<\/b> y honra y gloria y poder <b>son del Se\u00f1or Dios nuestro<\/b>\u2026\u2019\u201d<\/p>\n<p align=\"center\">\u00a0<b>10. <\/b><b><i>\u00bfPurgatorio? \u00bfEscapulario? \u00bfIndulgencias? \u00bfReliquias?<\/i><\/b><b><i><br \/>\n<\/i><\/b><b>El creyente renacido <span style=\"text-decoration: underline;\">tiene<\/span> seguridad de salvaci\u00f3n en Cristo, ahora y eternamente.<\/b><b><i><\/i><\/b><\/p>\n<p><b><i>Mateo 15:8-9:<\/i><\/b><b><i> <\/i><\/b><\/p>\n<p>\u201cEste pueblo de labios me honra; mas <b>su coraz\u00f3n est\u00e1 lejos de m\u00ed<\/b>. Pues <b>en vano me honran<\/b>, ense\u00f1ando como doctrinas, <a href=\"https:\/\/i1.wp.com\/ntmu.net\/wp-content\/uploads\/2013\/03\/image0271.gif\"><img data-attachment-id=\"609\" data-permalink=\"https:\/\/ntmu.net\/?attachment_id=609\" data-orig-file=\"https:\/\/i1.wp.com\/ntmu.net\/wp-content\/uploads\/2013\/03\/image0271.gif?fit=218%2C270&amp;ssl=1\" data-orig-size=\"218,270\" data-comments-opened=\"0\" data-image-meta=\"{&quot;aperture&quot;:&quot;0&quot;,&quot;credit&quot;:&quot;&quot;,&quot;camera&quot;:&quot;&quot;,&quot;caption&quot;:&quot;&quot;,&quot;created_timestamp&quot;:&quot;0&quot;,&quot;copyright&quot;:&quot;&quot;,&quot;focal_length&quot;:&quot;0&quot;,&quot;iso&quot;:&quot;0&quot;,&quot;shutter_speed&quot;:&quot;0&quot;,&quot;title&quot;:&quot;&quot;}\" data-image-title=\"image027\" data-image-description=\"\" data-medium-file=\"https:\/\/i1.wp.com\/ntmu.net\/wp-content\/uploads\/2013\/03\/image0271.gif?fit=218%2C270&amp;ssl=1\" data-large-file=\"https:\/\/i1.wp.com\/ntmu.net\/wp-content\/uploads\/2013\/03\/image0271.gif?fit=218%2C270&amp;ssl=1\" loading=\"lazy\" class=\"size-full wp-image-609 alignright\" style=\"margin: 10px;\" alt=\"image027\" src=\"https:\/\/i1.wp.com\/ntmu.net\/wp-content\/uploads\/2013\/03\/image0271.gif?resize=218%2C270\" width=\"218\" height=\"270\" data-recalc-dims=\"1\" \/><\/a>mandamientos de hombres.\u201d<\/p>\n<p><b><i>Juan 3:16; 5:24; 10:27-30; 14:1-4:<\/i><\/b><\/p>\n<p>\u201cPorque de tal manera am\u00f3 Dios al mundo, que ha dado a su Hijo unig\u00e9nito, para que todo aquel que en \u00e9l cree, <b>no se pierda, mas tenga vida eterna<\/b>.\u201d<\/p>\n<p>\u201cDe cierto, de cierto os digo: El que oye mi palabra, y cree al que me envi\u00f3, <b>tiene vida eterna<\/b>; y <b>no vendr\u00e1 a condenaci\u00f3n<\/b>, mas <b>ha pasado de muerte a vida<\/b>.\u201d<b><i> <\/i><\/b><\/p>\n<p>\u201cMis ovejas oyen mi voz, y<b> yo las conozco, y me siguen, y yo les doy vida eterna; y no perecer\u00e1n jam\u00e1s, ni nadie las arrebatar\u00e1 de mi mano<\/b>. Mi Padre que me las dio, es mayor que todos, y <b>nadie las puede arrebatar de la mano de mi Padre<\/b>. Yo y el Padre uno somos.\u201d<b><i><\/i><\/b><\/p>\n<p>\u201cNo se turbe vuestro coraz\u00f3n; cre\u00e9is en Dios, creed tambi\u00e9n en m\u00ed. En <b>la casa de mi Padre<\/b> muchas moradas hay; si as\u00ed no fuera, yo os lo hubiera dicho; voy, pues, a preparar lugar para vosotros. Y si me fuere y os preparare lugar, vendr\u00e9 otra vez, y os tomar\u00e9 a m\u00ed mismo, <b>para que donde yo estoy, vosotros tambi\u00e9n est\u00e9is<\/b>. Y sab\u00e9is a d\u00f3nde voy, y sab\u00e9is el camino.\u201d<\/p>\n<p><b><i>Romanos 5:1-2: <\/i><\/b><\/p>\n<p>\u201cJustificados, pues, <b>por la fe<\/b>, tenemos paz para con Dios por medio de nuestro Se\u00f1or Jesucristo; por quien tambi\u00e9n tenemos <b>entrada por la fe<\/b> a esta gracia en la cual estamos firmes, y <b>nos gloriamos en la esperanza de la gloria de Dios<\/b>.\u201d<\/p>\n<p><b><i>2\u00aa Corintios 5:1-8: <\/i><\/b><\/p>\n<p>\u201cPorque sabemos que si nuestra morada terrestre, este tabern\u00e1culo, se deshiciere, <b>tenemos<\/b> de Dios un edificio, <b>una casa no hecha de manos, eterna, en los cielos<\/b>\u2026 As\u00ed que vivimos confiados siempre, y sabiendo que entre tanto que estamos en el cuerpo, estamos ausentes del Se\u00f1or (porque por fe andamos, no por vista); pero confiamos, y <b>m\u00e1s quisi\u00e9ramos<\/b> estar ausentes del cuerpo, <b>y presentes al Se\u00f1or<\/b>.\u201d<\/p>\n<p><b><i>Filipenses 1:21-23:<\/i><\/b><\/p>\n<p>\u201cPara m\u00ed el vivir es Cristo, y el <b>morir es ganancia<\/b>\u2026 Porque de ambas cosas estoy puesto en estrecho, teniendo deseo de partir y estar con Cristo, lo cual es <b>much\u00edsimo mejor<\/b>.\u201d<\/p>\n<p><b><i>1\u00aa Juan 5:11-13:<\/i><\/b><\/p>\n<p>\u201cY este es el testimonio: que Dios <b>nos ha dado vida eterna; y esta vida est\u00e1 en su Hijo<\/b>. El que <b>tiene<\/b> al Hijo, <b>tiene<\/b> la vida; el que <b>no tiene<\/b> al Hijo de Dios <b>no tiene<\/b> la vida. Estas cosas os he escrito a vosotros que cre\u00e9is en el nombre del Hijo de Dios, <b>para que sep\u00e1is que ten\u00e9is vida eterna<\/b>, y para que cre\u00e1is en el nombre del Hijo de Dios.\u201d<\/p>\n<p align=\"center\"><b>11. <\/b><b><i>\u00bfBautismo regeneracional? \u00bfAspersi\u00f3n de beb\u00e9s? \u00bfAgua Bendita?<\/i><\/b><b><i><br \/>\n<\/i><\/b><b>El Se\u00f1or manda que sean bautizados los \u201cdisc\u00edpulos\u201d, es decir, los ya renacidos por la Palabra de Dios.<\/b><b><i><\/i><\/b><\/p>\n<p>\u00a0<b><i>La <span style=\"text-decoration: underline;\">regeneraci\u00f3n<\/span> por la Palabra \u2013<\/i><\/b><\/p>\n<p><b><i>Juan 5:24:<\/i><\/b><\/p>\n<p><b><i>\u00a0\u00a0\u00a0\u00a0\u00a0\u00a0\u00a0\u00a0\u00a0\u00a0\u00a0 <\/i><\/b>\u201cDe cierto, de cierto os digo: <b>El que oye mi palabra, y cree al que me envi\u00f3, tiene vida eterna<\/b>\u2026\u201d<\/p>\n<p><b><i>Romanos 10:11-17:<\/i><\/b><\/p>\n<p>\u201cPues la Escritura dice: \u2018Todo aquel que en \u00e9l creyere, no ser\u00e1 avergonzado\u2019. Porque no hay diferencia entre jud\u00edo y griego, pues el mismo que es Se\u00f1or de todos, es rico para con todos los que le invocan; porque todo aquel que invocare el nombre del Se\u00f1or, ser\u00e1 salvo\u2026 As\u00ed que la fe es por el o\u00edr, y el o\u00edr, <b>por la palabra de Dios<\/b>.\u201d<b><i><\/i><\/b><\/p>\n<p><b><i>Efesios 1:13:<\/i><\/b><\/p>\n<p><b><i>\u00a0\u00a0\u00a0\u00a0\u00a0\u00a0\u00a0\u00a0\u00a0\u00a0\u00a0 <\/i><\/b>\u201cEn \u00e9l tambi\u00e9n vosotros, <b>habiendo o\u00eddo la palabra<\/b> de verdad, el evangelio de vuestra salvaci\u00f3n, y habiendo cre\u00eddo en \u00e9l, fuisteis <b>sellados con el Esp\u00edritu Santo<\/b> de la promesa\u2026\u201d<\/p>\n<p><b><i>Tito 3:4-7:<\/i><\/b><\/p>\n<p>\u201cCuando se manifest\u00f3 la bondad de Dios nuestro Salvador, y su amor para con los hombres, nos salv\u00f3, no por obras de justicia que nosotros hubi\u00e9ramos hecho, sino por su misericordia, por <b>el lavamiento de la regeneraci\u00f3n<\/b> y por la renovaci\u00f3n en el Esp\u00edritu Santo, el cual derram\u00f3 <b><span style=\"text-decoration: underline;\">en<\/span> nosotros abundantemente<\/b> por Jesucristo nuestro Salvador, para que justificados por su gracia, vini\u00e9semos a ser herederos conforme a la esperanza de la vida eterna.\u201d<\/p>\n<p><b><i>Santiago 1:18:<\/i><\/b><\/p>\n<p>\u201c\u00c9l, de su voluntad, <b>nos hizo nacer por la palabra de verdad<\/b>, para que seamos primicias de sus criaturas.\u201d<\/p>\n<p><b><i>1\u00aa Pedro 1:23-25:<\/i><\/b><\/p>\n<p>\u201c<b>Siendo renacidos<\/b>, no de simiente corruptible, sino de incorruptible, <b>por la palabra de Dios<\/b> que vive y permanece para siempre. Porque: \u2018Toda carne es como hierba, y toda la gloria del hombre como flor de la hierba. La hierba se seca, y la flor se cae; mas <b>la palabra del Se\u00f1or<\/b> permanece para siempre.\u2019 Y esta es <b>la palabra<\/b> que por el evangelio os ha sido anunciada.\u201d<\/p>\n<p><b><i>\u00a0\u00a0\u00a0\u00a0\u00a0\u00a0\u00a0\u00a0\u00a0\u00a0\u00a0 El bautismo por inmersi\u00f3n en agua &#8211;<\/i><\/b><\/p>\n<p><b><i>Juan 3:23:<\/i><\/b><\/p>\n<p>\u201cJuan bautizaba&#8230; en En\u00f3n, junto a Salim, porque hab\u00eda all\u00ed <b>muchas aguas<\/b>; y ven\u00edan, y eran bautizados.\u201d<\/p>\n<p><b><i>Mateo 28:19:<\/i><\/b><\/p>\n<p>&#8220;Id, y haced <b>disc\u00edpulos<\/b> a todas las naciones, bautiz\u00e1ndo<b>los<\/b> en el nombre del Padre, y del Hijo, y del Esp\u00edritu Santo\u2026&#8221;<\/p>\n<p><b><i>Hechos 8:35-39; 10:47-48; 18:8:<\/i><\/b><\/p>\n<p>&#8220;Felipe\u2026le anunci\u00f3 el evangelio de Jes\u00fas. Y yendo por el camino, llegaron a cierta agua, y dijo el eunuco: &#8216;Aqu\u00ed hay agua; \u00bfqu\u00e9 impide que yo sea bautizado?&#8217; Felipe dijo: &#8216;Si crees de todo coraz\u00f3n, bien puedes&#8217;. Y respondiendo, dijo: &#8216;Creo que Jesucristo es el Hijo de Dios&#8217;. Y mand\u00f3 parar el carro; y <b>descendieron ambos al agua<\/b>, Felipe y el eunuco, y le bautiz\u00f3. Cuando <b>subieron del agua<\/b>, el Esp\u00edritu del Se\u00f1or arrebat\u00f3 a Felipe; y el eunuco no le vio m\u00e1s, y sigui\u00f3 gozoso su camino.&#8221;<\/p>\n<p>&#8220;Respondi\u00f3 Pedro: &#8216;\u00bfPuede acaso alguno impedir el agua, para que no sean bautizados estos que han recibido el Esp\u00edritu Santo tambi\u00e9n como nosotros?&#8217; Y mand\u00f3 bautizarles en el nombre del Se\u00f1or Jes\u00fas.&#8221;<\/p>\n<p>\u201cCrispo, el principal de la sinagoga, crey\u00f3 en el Se\u00f1or con toda su casa; y muchos de los corintios, <b>oyendo<\/b>, <b>cre\u00edan<\/b> y <b>eran bautizados<\/b>.\u201d<\/p>\n<p><b><i>1\u00aa Corintios 1:17:<\/i><\/b><\/p>\n<p>&#8220;Pues no me envi\u00f3 Cristo a bautizar, <b>sino<\/b> a predicar el evangelio\u2026&#8221;<\/p>\n<p><b><i>Colosenses 2:12-13:<\/i><\/b><\/p>\n<p>&#8220;<b>Sepultados con \u00e9l en el bautismo<\/b>, en el cual fuisteis tambi\u00e9n resucitados con \u00e9l, mediante la fe en el poder de Dios que le levant\u00f3 de los muertos.&#8221;<\/p>\n<p align=\"center\"><b>12. <\/b><b><i>\u00bfClero? \u00bfSacerdocio? \u00bfJerarqu\u00eda? \u00bfCelibato? \u00bfVestimentas lit\u00fargicas?<\/i><\/b><b><i><br \/>\n<\/i><\/b><b>El sacerdocio del Nuevo Testamento es universal. Participa <i>cada<\/i> creyente aut\u00e9ntico.<\/b><b><i> <\/i><\/b><\/p>\n<p><b><span style=\"text-decoration: underline;\"><br \/>\nCristo, la Cabeza de la iglesia<\/span><\/b><b><i> <\/i><\/b><b>\u2013<\/b><\/p>\n<p><b><i>Mateo 18:19-20; 23:8-12: <a href=\"https:\/\/i1.wp.com\/ntmu.net\/wp-content\/uploads\/2013\/03\/image029.gif\"><img data-attachment-id=\"610\" data-permalink=\"https:\/\/ntmu.net\/?attachment_id=610\" data-orig-file=\"https:\/\/i1.wp.com\/ntmu.net\/wp-content\/uploads\/2013\/03\/image029.gif?fit=296%2C476&amp;ssl=1\" data-orig-size=\"296,476\" data-comments-opened=\"0\" data-image-meta=\"{&quot;aperture&quot;:&quot;0&quot;,&quot;credit&quot;:&quot;&quot;,&quot;camera&quot;:&quot;&quot;,&quot;caption&quot;:&quot;&quot;,&quot;created_timestamp&quot;:&quot;0&quot;,&quot;copyright&quot;:&quot;&quot;,&quot;focal_length&quot;:&quot;0&quot;,&quot;iso&quot;:&quot;0&quot;,&quot;shutter_speed&quot;:&quot;0&quot;,&quot;title&quot;:&quot;&quot;}\" data-image-title=\"image029\" data-image-description=\"\" data-medium-file=\"https:\/\/i1.wp.com\/ntmu.net\/wp-content\/uploads\/2013\/03\/image029.gif?fit=186%2C300&amp;ssl=1\" data-large-file=\"https:\/\/i1.wp.com\/ntmu.net\/wp-content\/uploads\/2013\/03\/image029.gif?fit=296%2C476&amp;ssl=1\" loading=\"lazy\" class=\"size-medium wp-image-610 alignright\" style=\"margin: 10px;\" alt=\"image029\" src=\"https:\/\/i1.wp.com\/ntmu.net\/wp-content\/uploads\/2013\/03\/image029.gif?resize=186%2C300\" width=\"186\" height=\"300\" data-recalc-dims=\"1\" \/><\/a><\/i><\/b><b><\/b><\/p>\n<p>\u201cOs digo, que si <b>dos de vosotros<\/b> se pusieren de acuerdo en la tierra acerca de cualquiera cosa que pidieren, les ser\u00e1 hecho por mi Padre que est\u00e1 en los cielos. Porque <b>donde est\u00e1n dos o tres congregados en mi nombre, all\u00ed estoy YO en medio de ellos<\/b>.\u201d<\/p>\n<p>&#8220;Pero vosotros no quer\u00e1is que os llamen Rab\u00ed; porque <b>uno es vuestro Maestro, el Cristo, y todos vosotros sois hermanos<\/b>. Y <b>no llam\u00e9is padre vuestro a nadie en la tierra; porque uno es vuestro Padre, el que est\u00e1 en los cielos<\/b>. Ni se\u00e1is llamados maestros; porque uno es vuestro Maestro, el Cristo. El que es el mayor de vosotros, sea vuestro siervo. Porque el que se enaltece ser\u00e1 humillado, y el que se humilla ser\u00e1 enaltecido.&#8221;<\/p>\n<p><b><i>Marcos 10:42-44:<\/i><\/b><\/p>\n<p>\u201cJes\u00fas, llam\u00e1ndolos, les dijo: \u2018Sab\u00e9is que los que son tenidos por gobernantes de las naciones se ense\u00f1orean de ellas, y sus grandes ejercen sobre ellas potestad. <b>Pero no ser\u00e1 as\u00ed entre vosotros<\/b>, sino que el que quiera hacerse grande entre vosotros ser\u00e1 vuestro servidor, y el que de vosotros quiera ser el primero, ser\u00e1 siervo de todos\u2019.\u201d<\/p>\n<p><b><i>Apocalipsis 2:6, 15-16<\/i><\/b><\/p>\n<p>&#8220;Las obras de los nicola\u00edtas, las cuales yo\u2026 aborrezco\u2026&#8221;<\/p>\n<p>&#8220;Tienes a los que retienen la doctrina de los nicola\u00edtas, la que yo aborrezco. Por tanto, \u00a1arrepi\u00e9ntete\u2026!&#8221;<\/p>\n<p><b><span style=\"text-decoration: underline;\">El ap\u00f3stol Pablo<\/span><\/b><b><i> <\/i><\/b><b>\u2013<\/b><\/p>\n<p><b><i>Romanos 12:3-8:<\/i><\/b><\/p>\n<p>\u201cDigo, pues, por la gracia que me es dada,<b> a cada cual que est\u00e1 entre vosotros<\/b>, que no tenga m\u00e1s alto concepto de s\u00ed que el que debe tener, sino que piense de s\u00ed con cordura, conforme a la medida de fe que Dios reparti\u00f3 <b>a cada uno<\/b>. Porque de la manera que en un cuerpo tenemos muchos miembros, pero no todos los miembros tienen la misma funci\u00f3n, as\u00ed nosotros, siendo muchos, somos un cuerpo en Cristo, y todos miembros <b>los unos de los otros<\/b>. De manera que, teniendo diferentes dones, seg\u00fan la gracia que nos es dada, si el de profec\u00eda, \u00fasese conforme a la medida de la fe; o si de servicio, en servir; o el que ense\u00f1a, en la ense\u00f1anza; el que exhorta, en la exhortaci\u00f3n; el que reparte, con liberalidad; el que preside, con solicitud; el que hace misericordia, con alegr\u00eda.\u201d<\/p>\n<p><b><i>Efesios 4:7-16:<\/i><\/b><\/p>\n<p>\u201c<b>A cada uno de nosotros<\/b> fue dada la gracia conforme a la medida del don de Cristo\u2026 Crezcamos en todo en aquel que es la cabeza, esto es, Cristo, de quien todo el cuerpo, bien concertado y unido entre s\u00ed por <b>todas las coyunturas que se ayudan mutuamente, seg\u00fan la actividad propia de cada miembro<\/b>, recibe su crecimiento para ir edific\u00e1ndose en amor.\u201d<\/p>\n<p><b><i>1\u00aa Timoteo 3:2-5:<\/i><\/b><\/p>\n<p>\u201cEs necesario que el obispo (sobreveedor) sea irreprensible, marido de una sola mujer\u2026, <b>que gobierne bien su casa, que tenga a sus hijos en sujeci\u00f3n<\/b> con toda honestidad (pues el que <b>no sabe gobernar su propia casa<\/b>, \u00bfc\u00f3mo cuidar\u00e1 de la iglesia de Dios?).\u201d<\/p>\n<p><b><i>Hebreos 10:19-22:<\/i><\/b><\/p>\n<p>\u201cAs\u00ed que, hermanos, teniendo <b>libertad<\/b> para entrar en el Lugar Sant\u00edsimo por la sangre de Jesucristo, por el camino nuevo y vivo que \u00e9l nos abri\u00f3 a trav\u00e9s del velo, esto es, de su carne, y teniendo <b><span style=\"text-decoration: underline;\">un<\/span> gran sacerdote<\/b> sobre la casa de Dios, acerqu\u00e9monos con coraz\u00f3n sincero, en plena certidumbre de fe, purificados los corazones de mala conciencia\u2026\u201d<\/p>\n<p><b><span style=\"text-decoration: underline;\">El ap\u00f3stol Pedro<\/span><\/b><b><i> <\/i><\/b><b>\u2013 <\/b><\/p>\n<p><b><i>Hechos 2:17-18:<\/i><\/b><\/p>\n<p>\u201cY en los postreros d\u00edas, dice Dios, derramar\u00e9 de mi Esp\u00edritu <b>sobre toda carne<\/b>, y <b>vuestros hijos y vuestras hijas profetizar\u00e1n<\/b>&#8230;; de cierto sobre mis siervos y sobre mis siervas en aquellos d\u00edas derramar\u00e9 de mi Esp\u00edritu, y profetizar\u00e1n.\u201d<b><\/b><\/p>\n<p><b><i>1\u00aa Pedro 2:5, 9-10; 5:1-4:<\/i><\/b><\/p>\n<p>\u201c<b>Vosotros tambi\u00e9n<\/b>, como <b>piedras vivas<\/b>, sed edificados como casa espiritual y <b>sacerdocio santo, para ofrecer sacrificios espirituales aceptables a Dios por medio de Jesucristo<\/b>.\u201d<\/p>\n<p>\u201c<b>Vosotros sois linaje escogido, real sacerdocio<\/b>, naci\u00f3n santa, pueblo adquirido por Dios, <b>para que anunci\u00e9is<\/b> las virtudes de aquel que os llam\u00f3 de las tinieblas a su luz admirable; <b>vosotros<\/b> que en otro tiempo no erais pueblo, pero que ahora sois pueblo de Dios; que en otro tiempo no hab\u00edais alcanzado misericordia, pero ahora hab\u00e9is alcanzado misericordia.\u201d<\/p>\n<p>\u201cRuego a los ancianos que est\u00e1n entre vosotros\u2026<b>:<\/b> \u2018Apacentad la grey de Dios que est\u00e1 entre vosotros, cuidando de ella, no por fuerza, sino voluntariamente; no por ganancia deshonesta, sino con \u00e1nimo pronto; <b>no como teniendo se\u00f1or\u00edo sobre los que est\u00e1n a vuestro cuidado<\/b>, sino siendo ejemplos de la grey. Y cuando aparezca el Pr\u00edncipe de los pastores, vosotros recibir\u00e9is la corona incorruptible de gloria\u2019.\u201d<b> <\/b><\/p>\n<p><b><span style=\"text-decoration: underline;\">El ap\u00f3stol Juan<\/span><\/b><b><i> <\/i><\/b><b>\u2013 <\/b><\/p>\n<p><b><i>Apocalipsis 5:9-10; 17:4:<\/i><\/b><\/p>\n<p>\u201cT\u00fa fuiste inmolado, y con tu sangre nos has redimido para Dios, de todo linaje y lengua y pueblo y naci\u00f3n; <b>y nos has hecho para nuestro Dios reyes y sacerdotes<\/b>, y reinaremos sobre la tierra.\u201d<\/p>\n<p>\u201cY la mujer estaba vestida de <b>p\u00farpura<\/b> y <b>escarlata<\/b>, y adornada de <b>oro<\/b>, de <b>piedras preciosas <\/b>y de <b>perlas<\/b>, y ten\u00eda en la mano un c\u00e1liz de oro lleno de abominaciones y de la inmundicia de su fornicaci\u00f3n\u2026\u201d<\/p>\n<p align=\"center\"><b>13. <\/b><b><i>\u00bfMisa? \u00bfTransubstanciaci\u00f3n? \u00bfCorpus Christi? \u00bfAltar? \u00bfSacrificio incruento? \u00bfSagrario?<\/i><\/b><b><i><br \/>\n<\/i><\/b><b>Cristo Jes\u00fas se ofreci\u00f3 a s\u00ed mismo, una sola vez para siempre; desde entonces es conmemorado en el \u201cpartimiento del <span style=\"text-decoration: underline;\">pan<\/span>\u201d.<\/b><b><i><\/i><\/b><\/p>\n<p><b><i>Juan 6:63: <\/i><\/b><\/p>\n<p>\u201c<b>El esp\u00edritu es el que da vida; la carne para nada aprovecha; las palabras que yo os he hablado son esp\u00edritu y son <a href=\"https:\/\/i1.wp.com\/ntmu.net\/wp-content\/uploads\/2013\/03\/image031.jpg\"><img data-attachment-id=\"611\" data-permalink=\"https:\/\/ntmu.net\/?attachment_id=611\" data-orig-file=\"https:\/\/i1.wp.com\/ntmu.net\/wp-content\/uploads\/2013\/03\/image031.jpg?fit=280%2C159&amp;ssl=1\" data-orig-size=\"280,159\" data-comments-opened=\"0\" data-image-meta=\"{&quot;aperture&quot;:&quot;0&quot;,&quot;credit&quot;:&quot;&quot;,&quot;camera&quot;:&quot;&quot;,&quot;caption&quot;:&quot;&quot;,&quot;created_timestamp&quot;:&quot;0&quot;,&quot;copyright&quot;:&quot;&quot;,&quot;focal_length&quot;:&quot;0&quot;,&quot;iso&quot;:&quot;0&quot;,&quot;shutter_speed&quot;:&quot;0&quot;,&quot;title&quot;:&quot;&quot;}\" data-image-title=\"image031\" data-image-description=\"\" data-medium-file=\"https:\/\/i1.wp.com\/ntmu.net\/wp-content\/uploads\/2013\/03\/image031.jpg?fit=280%2C159&amp;ssl=1\" data-large-file=\"https:\/\/i1.wp.com\/ntmu.net\/wp-content\/uploads\/2013\/03\/image031.jpg?fit=280%2C159&amp;ssl=1\" loading=\"lazy\" class=\"size-full wp-image-611 alignright\" style=\"margin: 10px;\" alt=\"image031\" src=\"https:\/\/i1.wp.com\/ntmu.net\/wp-content\/uploads\/2013\/03\/image031.jpg?resize=280%2C159\" width=\"280\" height=\"159\" data-recalc-dims=\"1\" \/><\/a>vida.<\/b>\u201d<b><i> <\/i><\/b><b><i><\/i><\/b><\/p>\n<p><b><i>Hechos 2:42:<\/i><\/b><\/p>\n<p>\u201cY perseveraban en la doctrina de los ap\u00f3stoles, en la comuni\u00f3n unos con otros, <b>en el partimiento del pan<\/b> y en las oraciones.\u201d<\/p>\n<p><b><i>1\u00aa Corintios 10:16-17; 11:23-28: <\/i><\/b><i><\/i><\/p>\n<p>\u201cEl <b>pan<\/b> que partimos, \u00bfno es la comuni\u00f3n del cuerpo de Cristo? Siendo uno solo el <b>pan<\/b>, nosotros, con ser muchos, somos un cuerpo; pues todos participamos de aquel mismo <b>pan<\/b>.\u201d<\/p>\n<p align=\"left\">\u201cPorque yo recib\u00ed del Se\u00f1or lo que tambi\u00e9n os he ense\u00f1ado: Que el Se\u00f1or Jes\u00fas, la noche que fue entregado, tom\u00f3 <b>pan<\/b>; y habiendo dado gracias, lo parti\u00f3, y dijo: \u2018Tomad, comed; esto es mi cuerpo que por vosotros es dado; haced esto <b>en memoria<\/b> de m\u00ed\u2019. Asimismo tom\u00f3 tambi\u00e9n la copa, despu\u00e9s de haber cenado, diciendo: \u2018Esta copa es el nuevo pacto en mi sangre; haced esto todas las veces que la bebiereis, <b>en memoria<\/b> de m\u00ed\u2019. As\u00ed, pues, todas las veces que comiereis este<b> pan<\/b>, y bebiereis esta copa, la muerte del Se\u00f1or anunci\u00e1is hasta que \u00e9l venga. De manera que cualquiera que comiere este <b>pan<\/b> o bebiere esta copa del Se\u00f1or indignamente, ser\u00e1 culpado del cuerpo y de la sangre del Se\u00f1or. Por tanto, pru\u00e9bese cada uno a s\u00ed mismo, y coma as\u00ed del <b>pan<\/b>, y beba de la copa.\u201d<i> <\/i><\/p>\n<p><b><i><a href=\"https:\/\/i0.wp.com\/ntmu.net\/wp-content\/uploads\/2013\/03\/image0331.jpg\"><img data-attachment-id=\"612\" data-permalink=\"https:\/\/ntmu.net\/?attachment_id=612\" data-orig-file=\"https:\/\/i0.wp.com\/ntmu.net\/wp-content\/uploads\/2013\/03\/image0331.jpg?fit=224%2C143&amp;ssl=1\" data-orig-size=\"224,143\" data-comments-opened=\"0\" data-image-meta=\"{&quot;aperture&quot;:&quot;0&quot;,&quot;credit&quot;:&quot;&quot;,&quot;camera&quot;:&quot;&quot;,&quot;caption&quot;:&quot;&quot;,&quot;created_timestamp&quot;:&quot;0&quot;,&quot;copyright&quot;:&quot;&quot;,&quot;focal_length&quot;:&quot;0&quot;,&quot;iso&quot;:&quot;0&quot;,&quot;shutter_speed&quot;:&quot;0&quot;,&quot;title&quot;:&quot;&quot;}\" data-image-title=\"image033\" data-image-description=\"\" data-medium-file=\"https:\/\/i0.wp.com\/ntmu.net\/wp-content\/uploads\/2013\/03\/image0331.jpg?fit=224%2C143&amp;ssl=1\" data-large-file=\"https:\/\/i0.wp.com\/ntmu.net\/wp-content\/uploads\/2013\/03\/image0331.jpg?fit=224%2C143&amp;ssl=1\" loading=\"lazy\" class=\"size-full wp-image-612 alignleft\" style=\"margin: 10px;\" alt=\"image033\" src=\"https:\/\/i0.wp.com\/ntmu.net\/wp-content\/uploads\/2013\/03\/image0331.jpg?resize=224%2C143\" width=\"224\" height=\"143\" data-recalc-dims=\"1\" \/><\/a>Hebreos 7:26-27; 9:26; 10:10-14; 17-18; 13:10, 15-16:<\/i><\/b><i><\/i><\/p>\n<p>\u201cTal sumo sacerdote nos conven\u00eda: santo, inocente, sin mancha, apartado de los pecadores, y hecho m\u00e1s sublime que los cielos; que <b>no tiene necesidad cada d\u00eda<\/b>, como aquellos sumos sacerdotes, de ofrecer primero sacrificios por sus propios pecados, y luego por los del pueblo; porque esto <b>lo hizo una vez para siempre<\/b>, ofreci\u00e9ndose a s\u00ed mismo.\u201d<\/p>\n<p>\u201cAhora, en la consumaci\u00f3n de los siglos, se present\u00f3 <b>una vez para siempre<\/b> por el sacrificio de s\u00ed mismo para quitar de en medio el pecado.., porque con <b>una sola<\/b> ofrenda hizo perfectos <b>para siempre<\/b> a los santificados\u201d<\/p>\n<p>\u201cSomos santificados mediante la ofrenda del cuerpo de Jesucristo hecha <b>una vez para siempre<\/b>. Y ciertamente todo sacerdote est\u00e1 d\u00eda tras d\u00eda ministrando y ofreciendo muchas veces los mismos sacrificios, que nunca pueden quitar los pecados; pero Cristo, habiendo ofrecido <b>una vez para siempre un solo sacrificio<\/b> por los pecados, se ha sentado a la diestra de Dios.\u201d<\/p>\n<p>\u201cNunca m\u00e1s me acordar\u00e9 de sus pecados y transgresiones. Pues donde hay remisi\u00f3n de \u00e9stos, <b>no hay m\u00e1s ofrenda<\/b> por el pecado.\u201d<\/p>\n<p>\u201c<b>Tenemos un altar<\/b>, del cual no tienen derecho de comer los que sirven al tabern\u00e1culo\u2026 As\u00ed que, ofrezcamos siempre a Dios, por medio de \u00e9l, <b>sacrificio de alabanza<\/b>, es decir, fruto de labios que confiesan su nombre. Y de hacer bien y de la ayuda mutua no os olvid\u00e9is; <b>porque de tales sacrificios se agrada Dios<\/b>.\u201d<\/p>\n<p style=\"text-align: center;\"><b>14. <\/b><b><i>\u00bfIm\u00e1genes? \u00bfCrucifijos? \u00bfEstampas? \u00bfMedallas?<\/i><\/b><b><i><br \/>\n<\/i><\/b><b>\u00a1El segundo mandamiento de la ley de Dios sigue vigente<\/b> <b>(no a la manera del catecismo, sino tal como viene en la eterna Palabra de Dios)<\/b><b>!<\/b><\/p>\n<p><b><i>\u00c9xodo 20:4-5:<\/i><\/b><\/p>\n<p>\u201c<b>No te har\u00e1s imagen, ni ninguna semejanza<\/b> de lo que est\u00e9 arriba en el cielo, ni abajo en la tierra&#8230; <b>No<\/b><b> te inclinar\u00e1s a ellas, ni las honrar\u00e1s<\/b>;porque yo soy el <b>Se\u00f1or<\/b> tu Dios\u2026\u201d<\/p>\n<p><b><i>Deuteronomio 4:16, 23-24; 7:25-26; 27:15:<\/i><\/b><\/p>\n<p>\u201cPara que <b>no os corromp\u00e1is y hag\u00e1is para vosotros escultura, imagen de figura alguna, efigie de var\u00f3n o hembra<\/b>\u2026 Guardaos, no os olvid\u00e9is del pacto del <b>Se\u00f1or<\/b> vuestro Dios, que \u00e9l estableci\u00f3 con vosotros, y <b>no os hag\u00e1is escultura o imagen de ninguna cosa<\/b> que el <b>Se\u00f1or<\/b> tu Dios te ha prohibido. Porque el <b>Se\u00f1or<\/b> tu Dios es fuego consumidor, Dios celoso.\u201d<\/p>\n<p>\u201c<b>Las esculturas de sus dioses quemar\u00e1s en el fuego<\/b>\u2026 y no traer\u00e1s <b>cosa abominable<\/b> a tu casa, para que no seas anatema; <b>del todo la aborrecer\u00e1s y la abominar\u00e1s<\/b>, porque es anatema.\u201d<\/p>\n<p>\u201c<b>Maldito el hombre que hiciere escultura o imagen de fundici\u00f3n<\/b>, <b>abominaci\u00f3n al Se\u00f1or<\/b>, obra de mano de art\u00edfice\u2026\u201d<\/p>\n<p><b><i>Salmos 97:7; 115:4-8:<\/i><\/b><b>\u00a0\u00a0\u00a0\u00a0\u00a0\u00a0 <\/b><br \/>\n\u201c<b>Averg\u00fc\u00e9ncense todos los que sirven a las im\u00e1genes de talla<\/b>, los que se glor\u00edan en los \u00eddolos.\u201d<\/p>\n<p>\u201cLos \u00eddolos de ellos son <b>plata y oro<\/b>, <b>obra de manos de hombres<\/b>. Tienen boca, mas <b>no hablan<\/b>; tienen ojos, mas <b>no ven<\/b>; orejas tienen, mas <b>no oyen<\/b>; tienen narices, mas <b>no huelen<\/b>; manos tienen, mas <b>no palpan<\/b>; tienen pies, mas <b>no andan<\/b>; <b>no hablan <\/b>con su garganta. Semejantes a ellos son los que los hacen, y cualquiera que conf\u00eda en ellos.\u201d<\/p>\n<p><b><i>Isa\u00edas 42:17; 44:9-10; 45:16:<\/i><\/b><\/p>\n<p>\u201c<b>Ser\u00e1n vueltos atr\u00e1s y en extremo confundidos<\/b> los que conf\u00edan en \u00eddolos, y <b>dicen a las im\u00e1genes de fundici\u00f3n<\/b>: \u2018Vosotros sois nuestros dioses\u2019.\u201d<\/p>\n<p>\u201cLos <b>formadores de im\u00e1genes de talla<\/b>, todos ellos son <b>vanidad<\/b>, y lo m\u00e1s precioso de ellos <b>para nada es \u00fatil<\/b>; y ellos mismos son testigos para su <b>confusi\u00f3n<\/b>, de que los \u00eddolos no ven ni entienden. \u00bfQui\u00e9n form\u00f3 un dios, o qui\u00e9n fundi\u00f3 <b>una imagen<\/b> <b>que para nada es de provecho<\/b>?\u201d<\/p>\n<p>\u201c<b>Confusos y avergonzados<\/b> ser\u00e1n todos ellos; ir\u00e1n con afrenta todos los <b>fabricadores de im\u00e1genes<\/b>.\u201d<\/p>\n<p><b><i>Habacuc 2:18:<\/i><\/b><\/p>\n<p>\u201c\u00bf<b>De qu\u00e9 sirve la escultura<\/b> que esculpi\u00f3 el que la hizo? \u00bfLa <b>estatua de fundici\u00f3n que ense\u00f1a mentira<\/b>, para que haciendo <b>im\u00e1genes mudas<\/b> conf\u00ede el hacedor en su obra?\u201d<\/p>\n<p><b><i>Hechos 17:29:<\/i><\/b><\/p>\n<p><b><i>\u00a0\u00a0\u00a0\u00a0\u00a0\u00a0\u00a0\u00a0\u00a0\u00a0\u00a0 <\/i><\/b>\u201cNo debemos pensar que la Divinidad sea semejante a <b>oro, o plata, o piedra, escultura de arte y de imaginaci\u00f3n de hombres<\/b>.\u201d<b><i><\/i><\/b><\/p>\n<p><b><i>1\u00aa Corintios 10:14-15, 19-20: <\/i><\/b><\/p>\n<p>\u201cPor tanto, amados m\u00edos, <b>huid de la idolatr\u00eda<\/b>. Como a sensatos os hablo; juzgad vosotros lo que digo.\u201d<\/p>\n<p>\u201c\u00bfQu\u00e9 digo, pues? \u00bfQue el \u00eddolo es algo, o que sea algo lo que se sacrifica a los \u00eddolos? Antes digo que lo que los gentiles sacrifican, <b>a los demonios<\/b> lo sacrifican, y <b>no a Dios<\/b>; y no quiero que vosotros os hag\u00e1is <b>part\u00edcipes con los demonios<\/b>.\u201d<\/p>\n<p><b><i>2\u00aa Corintios 5:16:<\/i><\/b><\/p>\n<p>\u201cDe manera que nosotros de aqu\u00ed en adelante a nadie conocemos <b>seg\u00fan la carne<\/b>; y aun si a Cristo conocimos seg\u00fan la carne, <b>ya no lo conocemos as\u00ed<\/b>.\u201d<\/p>\n<p><b><i>1\u00aa Juan 5:20-21:<\/i><\/b><\/p>\n<p><b><i>\u201c<\/i><\/b>Pero sabemos que el Hijo de Dios ha venido, y nos ha dado entendimiento para conocer <b>al que es verdadero; y estamos en el verdadero, en su Hijo Jesucristo. Este es el verdadero Dios<\/b>, y la vida eterna. Hijitos, <b>guardaos de los \u00eddolos<\/b>. Am\u00e9n.\u201d<\/p>\n<p align=\"center\"><b>15. <\/b><b><i>\u00bfRosario? \u00bfRezos a los muertos? \u00bfRezos por los muertos?<\/i><\/b><b><i><br \/>\n<\/i><\/b><b>El Esp\u00edritu Santo, usando la Biblia, le ense\u00f1a al creyente como orar y encontrarse en la misma presencia de Dios.<\/b><b><i><\/i><\/b><\/p>\n<p><b><i>Deuteronomio 18:9-12:<\/i><\/b><i>\u00a0\u00a0\u00a0\u00a0 <a href=\"https:\/\/i0.wp.com\/ntmu.net\/wp-content\/uploads\/2013\/03\/image035.gif\"><img data-attachment-id=\"613\" data-permalink=\"https:\/\/ntmu.net\/?attachment_id=613\" data-orig-file=\"https:\/\/i0.wp.com\/ntmu.net\/wp-content\/uploads\/2013\/03\/image035.gif?fit=234%2C456&amp;ssl=1\" data-orig-size=\"234,456\" data-comments-opened=\"0\" data-image-meta=\"{&quot;aperture&quot;:&quot;0&quot;,&quot;credit&quot;:&quot;&quot;,&quot;camera&quot;:&quot;&quot;,&quot;caption&quot;:&quot;&quot;,&quot;created_timestamp&quot;:&quot;0&quot;,&quot;copyright&quot;:&quot;&quot;,&quot;focal_length&quot;:&quot;0&quot;,&quot;iso&quot;:&quot;0&quot;,&quot;shutter_speed&quot;:&quot;0&quot;,&quot;title&quot;:&quot;&quot;}\" data-image-title=\"image035\" data-image-description=\"\" data-medium-file=\"https:\/\/i0.wp.com\/ntmu.net\/wp-content\/uploads\/2013\/03\/image035.gif?fit=153%2C300&amp;ssl=1\" data-large-file=\"https:\/\/i0.wp.com\/ntmu.net\/wp-content\/uploads\/2013\/03\/image035.gif?fit=234%2C456&amp;ssl=1\" loading=\"lazy\" class=\"size-medium wp-image-613 alignright\" style=\"margin: 10px;\" alt=\"image035\" src=\"https:\/\/i0.wp.com\/ntmu.net\/wp-content\/uploads\/2013\/03\/image035.gif?resize=153%2C300\" width=\"153\" height=\"300\" data-recalc-dims=\"1\" \/><\/a><\/i><\/p>\n<p>\u201cNo aprender\u00e1s a hacer seg\u00fan las abominaciones de aquellas naciones. No sea hallado en ti\u2026 <b>quien consulte a los muertos. Porque es<\/b> <b>abominaci\u00f3n para con el Se\u00f1or<\/b> cualquiera que hace estas cosas.\u201d<\/p>\n<p><b><i>Isa\u00edas 8:19-20: <\/i><\/b><\/p>\n<p>\u201c\u00bfNo consultar\u00e1 el pueblo a su Dios? \u00bf<b>Consultar\u00e1 a los muertos por los vivos<\/b>? \u00a1A la ley y al testimonio! Si no dijeren conforme a esto, es porque no les ha amanecido.\u201d<\/p>\n<p><b><i>2\u00ba Samuel 12:22-23:<\/i><\/b><\/p>\n<p><b><i>\u00a0\u00a0\u00a0\u00a0 \u00a0\u00a0\u00a0\u00a0\u00a0\u00a0 <\/i><\/b>\u201c(David) respondi\u00f3: Viviendo a\u00fan el ni\u00f1o, yo ayunaba y lloraba, diciendo: \u00bfQui\u00e9n sabe si Dios tendr\u00e1 compasi\u00f3n de m\u00ed, y vivir\u00e1 el ni\u00f1o? Mas ahora que ha muerto, <b>\u00bfpara qu\u00e9 <\/b>he de ayunar? \u00bfPodr\u00e9 yo hacerle volver? Yo voy a \u00e9l, mas \u00e9l no volver\u00e1 a m\u00ed.\u201d<b><i><\/i><\/b><\/p>\n<p><b><i>Salmos 5:2-3; 34:4-9; 42:8; 66:17-20:<\/i><\/b><\/p>\n<p>\u201cEst\u00e1 atento a la voz de mi clamor, Rey m\u00edo y Dios m\u00edo, porque <b>a ti orar\u00e9<\/b>. Oh <b>Se\u00f1or<\/b>, de ma\u00f1ana oir\u00e1s mi voz; de ma\u00f1ana me presentar\u00e9 delante de ti, y esperar\u00e9.\u201d<\/p>\n<p>\u201c<b>Busqu\u00e9 al Se\u00f1or, y \u00e9l me oy\u00f3, y me libr\u00f3<\/b> de todos mis temores. Los que miraron a \u00e9l fueron alumbrados, y sus rostros no fueron avergonzados. <b>Este pobre clam\u00f3, y le oy\u00f3 el Se\u00f1or<\/b>, y lo libr\u00f3 de todas sus angustias. El \u00e1ngel del Se\u00f1or acampa alrededor de los que le temen, y los defiende. Gustad, y ved que es bueno el Se\u00f1or;dichoso el hombre que conf\u00eda en \u00e9l. Temed al Se\u00f1or, vosotros sus santos, pues nada falta a los que le temen.\u201d<\/p>\n<p>\u201cPero de d\u00eda mandar\u00e1 el <b>Se\u00f1or<\/b> su misericordia, y de noche su c\u00e1ntico estar\u00e1 conmigo, y mi <b>oraci\u00f3n<\/b><b> al Dios de mi vida<\/b>.\u201d<\/p>\n<p>\u201cA \u00e9l clam\u00e9 con mi boca, y fue exaltado con mi lengua. Si en mi coraz\u00f3n hubiese yo mirado a la iniquidad, el Se\u00f1or no me habr\u00eda escuchado. Ciertamente <b>me escuch\u00f3 Dios<\/b>; <b>atendi\u00f3 a la voz de mi s\u00faplica<\/b>. Bendito sea Dios, que <b>no ech\u00f3 de s\u00ed mi oraci\u00f3n<\/b>, ni de m\u00ed su misericordia.\u201d<\/p>\n<p><b><i>Jerem\u00edas 33:2-3:<\/i><\/b><\/p>\n<p><b><i>\u201c<\/i><\/b>As\u00ed ha dicho el <b>Se\u00f1or<\/b>, que hizo la tierra\u2026<b>:<\/b> \u2018\u00a1Clama a m\u00ed, y yo te responder\u00e9, y te ense\u00f1ar\u00e9 cosas grandes y ocultas que t\u00fa no conoces!\u2019\u201d <b><i><\/i><\/b><\/p>\n<p><b><i>Jon\u00e1s 2:7:<\/i><\/b><\/p>\n<p>\u201cCuando mi alma desfallec\u00eda en m\u00ed, <b>me acord\u00e9 del Se\u00f1or, y mi oraci\u00f3n lleg\u00f3 hasta ti<\/b> en tu santo templo.\u201d<\/p>\n<p><b><i>Lucas 11:1:<\/i><\/b><\/p>\n<p>\u201cAconteci\u00f3 que estaba Jes\u00fas orando en un lugar, y cuando termin\u00f3, uno de sus disc\u00edpulos le dijo: Se\u00f1or, <b>ens\u00e9\u00f1anos a orar<\/b>.\u201d<\/p>\n<p><b><i>Mateo 6:5-8:<\/i><\/b><\/p>\n<p>\u201cCuando ores, no seas como los hip\u00f3critas; porque ellos aman el orar\u2026 <b>para ser vistos de los hombres<\/b>; de cierto os digo que ya tienen su recompensa. Mas t\u00fa, cuando ores, <b>entra en tu aposento, y cerrada la puerta,ora a tu Padre que est\u00e1 en secreto<\/b>; y tu Padre que ve en lo secreto te recompensar\u00e1 en p\u00fablico. Y orando, <b>no us\u00e9is vanas repeticiones<\/b>, como los gentiles, que piensan que por su <b>palabrer\u00eda<\/b> ser\u00e1n o\u00eddos. No os hag\u00e1is, pues, semejantes a ellos; porque <b>vuestro Padre sabe de qu\u00e9 cosas ten\u00e9is necesidad<\/b>, antes que vosotros le pid\u00e1is.\u201d<\/p>\n<p><b><i>Romanos 8:26-27:<\/i><\/b><\/p>\n<p>\u201cEl Esp\u00edritu nos ayuda en nuestra debilidad; pues qu\u00e9 hemos de pedir como conviene, no lo sabemos, pero el Esp\u00edritu mismo intercede por nosotros con gemidos indecibles. Mas el que escudri\u00f1a los corazones sabe cu\u00e1l es la intenci\u00f3n del Esp\u00edritu, porque conforme a la voluntad de Dios intercede por los santos.\u201d<\/p>\n<p><b><i>Filipenses 4:6-7:<\/i><\/b><\/p>\n<p>\u201cPor nada est\u00e9is afanosos, sino <b>sean conocidas vuestras peticiones delante de Dios en toda oraci\u00f3n y ruego, con acci\u00f3n de gracias<\/b>. Y la paz de Dios, que sobrepasa todo entendimiento, guardar\u00e1 vuestros corazones y vuestros pensamientos en Cristo Jes\u00fas.\u201d<\/p>\n<p><b><i>Hebreos 4:16; 10:19-22:<\/i><\/b><\/p>\n<p>\u201c<b>Acerqu\u00e9monos, pues, confiadamente al trono de la gracia<\/b>, para alcanzar misericordia y hallar gracia para el oportuno socorro.\u201d<i><\/i><\/p>\n<p>\u201cAs\u00ed que, hermanos<b>, teniendo libertad para entrar en el Lugar Sant\u00edsimo por la sangre de Jesucristo<\/b>, por el camino nuevo y vivo que \u00e9l nos abri\u00f3 a trav\u00e9s del velo, esto es, de su carne, y teniendo un gran sacerdote sobre la casa de Dios, <b>acerqu\u00e9monos con coraz\u00f3n sincero, en plena certidumbre de fe\u2026<\/b>\u201d<\/p>\n<p align=\"center\"><b>16. <\/b><b><i>\u00bfSantificar las fiestas?<\/i><\/b><b><i><br \/>\n<\/i><\/b><b>La Biblia<\/b><b> se\u00f1ala las \u201cfiestas\u201d israelitas, pero <span style=\"text-decoration: underline;\">no<\/span> prescribe \u201cfiestas\u201d para la iglesia. El creyente normal siempre est\u00e1 regocijado, y celebra su Se\u00f1or cada domingo, y cada vez que se re\u00fane con sus hermanos.<\/b><\/p>\n<p><b><i>Isa\u00edas 1:13-14:<\/i><\/b><\/p>\n<p>\u201c<b>Son iniquidad vuestras fiestas solemnes<\/b>. Vuestras lunas nuevas y <b>vuestras fiestas solemnes las tiene aborrecidas mi alma; me son gravosas; cansado estoy de soportarlas<\/b>.\u201d<\/p>\n<p><b><i>Lucas 15:24, 32:<\/i><\/b><\/p>\n<p>\u201cEste mi hijo muerto era, y ha revivido; se hab\u00eda perdido, y es hallado. Y comenzaron a <b>regocijarse<\/b>\u2026\u201d<\/p>\n<p>\u201cEra necesario <b>hacer fiesta y regocijarnos,<\/b> porque este tu hermano era muerto, y ha revivido; se hab\u00eda perdido, y es hallado.\u201d<\/p>\n<p><b><i>Hechos 2:46:<\/i><\/b><\/p>\n<p><b><i>\u00a0<\/i><\/b>\u201cPartiendo el pan en las casas, <b>com\u00edan juntos con alegr\u00eda y sencillez de coraz\u00f3n<\/b>\u2026\u201d<\/p>\n<p><b><i>Filipenses 2:18; 4:4:<\/i><\/b><\/p>\n<p>\u201cY asimismo <b>gozaos<\/b> y <b>regocija<\/b><b>os<\/b> tambi\u00e9n vosotros conmigo.\u201d<\/p>\n<p>\u201c<b>Regocija<\/b><b>os<\/b> en el Se\u00f1or <b>siempre<\/b>. Otra vez digo: \u2018\u00a1<b>Regocija<\/b><b>os<\/b>!\u2019\u201d<b><i><\/i><\/b><\/p>\n<p><b><i>Colosenses 2:16-19:<\/i><\/b><\/p>\n<p>\u201cPor tanto, <b>nadie os juzgue<\/b> en comida o en bebida, o en cuanto a <b>d\u00edas de fiesta<\/b>, luna nueva o d\u00edas de reposo, <b>todo lo cual es sombra<\/b> de lo que ha de venir; pero el cuerpo es de Cristo. Nadie os prive de vuestro premio, afectando humildad y culto a los \u00e1ngeles, entremeti\u00e9ndose en lo que no ha visto, vanamente hinchado por su propia mente carnal, y no asi\u00e9ndose de la Cabeza, en virtud de quien todo el cuerpo, nutri\u00e9ndose y uni\u00e9ndose por las coyunturas y ligamentos, crece con el crecimiento que da Dios.\u201d<\/p>\n<p align=\"center\"><b>17. <\/b><b><i>\u00bfExtremaunci\u00f3n? \u00bfSantos \u00f3leos?<\/i><\/b><b><i><br \/>\n<\/i><\/b><b>El creyente enfermo ora con los ancianos de la congregaci\u00f3n por la recuperaci\u00f3n de su salud.<\/b><\/p>\n<p><b><i>Salmo 6:2; 23:5; 103:3-4; 147:3:<\/i><\/b><\/p>\n<p>&#8220;Ten misericordia de m\u00ed, oh <b>Se\u00f1or<\/b>, porque estoy enfermo; s\u00e1name, oh <b>Se\u00f1or<\/b>, porque mis huesos se estremecen.&#8221;<\/p>\n<p>\u201cAderezas mesa delante de m\u00ed en presencia de mis angustiadores; <b>unges<\/b> mi cabeza con aceite; mi copa est\u00e1 rebosando.\u201d<\/p>\n<p>\u201c\u00c9l es quien perdona todas tus iniquidades, \u00c9l que sana todas tus dolencias; \u00c9l que rescata del hoyo tu vida, \u00c9l que te corona de favores y misericordias&#8230;\u201d<\/p>\n<p>\u201c\u00c9l sana a los quebrantados de coraz\u00f3n, y venda sus heridas.\u201d<\/p>\n<p><b><i>Proverbios 3:7-8; 29:1:<\/i><\/b><\/p>\n<p>&#8220;No seas sabio en tu propia opini\u00f3n; teme al <b>Se\u00f1or<\/b>, y ap\u00e1rtate del mal; porque ser\u00e1 medicina a tu cuerpo, y refrigerio para tus huesos.&#8221;<\/p>\n<p>&#8220;El hombre que reprendido endurece la cerviz, de repente ser\u00e1 quebrantado, y no habr\u00e1 para \u00e9l medicina.&#8221;<b><i> <\/i><\/b><\/p>\n<p><b><i>Isa\u00edas 61:3:<\/i><\/b><\/p>\n<p>\u201c&#8230; a ordenar que a los afligidos de Sion se les d\u00e9 gloria en lugar de ceniza, <b>\u00f3leo de gozo en lugar de luto<\/b>, manto de alegr\u00eda en lugar del esp\u00edritu angustiado&#8230;\u201d<\/p>\n<p><b><i>Santiago 5:14-15:<\/i><\/b><b><\/b><\/p>\n<p>\u201c\u00bfEst\u00e1 alguno enfermo entre vosotros? Llame a los <b>ancianos<\/b> de la iglesia, y <b>oren por \u00e9l<\/b>, ungi\u00e9ndole con <b>aceite<\/b> en el nombre del Se\u00f1or. Y <b>la oraci\u00f3n de fe<\/b> salvar\u00e1 al enfermo, y el Se\u00f1or lo levantar\u00e1.\u201d<\/p>\n<p align=\"center\"><b>18. <\/b><b><i>\u00bfVelas? \u00bfCirios?<\/i><\/b><b><i><br \/>\n<\/i><\/b><b>Cristo es la Luz del Mundo.<\/b><b><i><\/i><\/b><\/p>\n<p><b><i>Isa\u00edas 50:11:<\/i><\/b><i>\u00a0\u00a0\u00a0\u00a0\u00a0\u00a0\u00a0\u00a0\u00a0\u00a0 <\/i><\/p>\n<p>\u201cHe aqu\u00ed que todos vosotros encend\u00e9is fuego, y os rode\u00e1is de teas; <b>andad a la luz de vuestro fuego, y de las teas que encendisteis<\/b>. De mi mano os vendr\u00e1 esto; <b>en dolor ser\u00e9is sepultados<\/b>.\u201d<a href=\"https:\/\/i0.wp.com\/ntmu.net\/wp-content\/uploads\/2013\/03\/image037.gif\"><img data-attachment-id=\"614\" data-permalink=\"https:\/\/ntmu.net\/?attachment_id=614\" data-orig-file=\"https:\/\/i0.wp.com\/ntmu.net\/wp-content\/uploads\/2013\/03\/image037.gif?fit=248%2C180&amp;ssl=1\" data-orig-size=\"248,180\" data-comments-opened=\"0\" data-image-meta=\"{&quot;aperture&quot;:&quot;0&quot;,&quot;credit&quot;:&quot;&quot;,&quot;camera&quot;:&quot;&quot;,&quot;caption&quot;:&quot;&quot;,&quot;created_timestamp&quot;:&quot;0&quot;,&quot;copyright&quot;:&quot;&quot;,&quot;focal_length&quot;:&quot;0&quot;,&quot;iso&quot;:&quot;0&quot;,&quot;shutter_speed&quot;:&quot;0&quot;,&quot;title&quot;:&quot;&quot;}\" data-image-title=\"image037\" data-image-description=\"\" data-medium-file=\"https:\/\/i0.wp.com\/ntmu.net\/wp-content\/uploads\/2013\/03\/image037.gif?fit=248%2C180&amp;ssl=1\" data-large-file=\"https:\/\/i0.wp.com\/ntmu.net\/wp-content\/uploads\/2013\/03\/image037.gif?fit=248%2C180&amp;ssl=1\" loading=\"lazy\" class=\"size-full wp-image-614 alignright\" style=\"margin: 10px;\" alt=\"image037\" src=\"https:\/\/i0.wp.com\/ntmu.net\/wp-content\/uploads\/2013\/03\/image037.gif?resize=248%2C180\" width=\"248\" height=\"180\" data-recalc-dims=\"1\" \/><\/a><b><\/b><\/p>\n<p><b><i>Salmo 27:1:<\/i><\/b><b><\/b><\/p>\n<p><b><i>\u00a0\u00a0\u00a0\u00a0\u00a0\u00a0\u00a0\u00a0\u00a0\u00a0\u00a0 <\/i><\/b>\u201c<b>El Se\u00f1or es mi luz<\/b> y mi salvaci\u00f3n; \u00bfde qui\u00e9n temer\u00e9?\u201d<i> <\/i><\/p>\n<p><b><i>Proverbios 4:18: <\/i><\/b><\/p>\n<p>\u201cLa senda de los justos es como <b>la luz de la aurora<\/b>, que va en aumento hasta que el d\u00eda es perfecto.\u201d<\/p>\n<p><b><i>Mateo 5:16:<\/i><\/b><\/p>\n<p>\u201cAs\u00ed alumbre <b>vuestra luz<\/b> delante de los hombres, para que vean vuestras buenas obras, y glorifiquen a vuestro Padre que est\u00e1 en los cielos.\u201d<\/p>\n<p><b><i>Juan 8:12; 12:46: <\/i><\/b><\/p>\n<p>\u201cOtra vez Jes\u00fas les habl\u00f3, diciendo: \u2018<b>Yo soy la luz del mundo<\/b>; el que me sigue, no andar\u00e1 en tinieblas, sino que tendr\u00e1 <b>la luz de la vida<\/b>\u2019.\u201d<\/p>\n<p>\u201c<b>Yo, la luz<\/b>, he venido al mundo, para que todo aquel que cree en m\u00ed <b>no permanezca en tinieblas<\/b>.\u201d<\/p>\n<p><b><i>2\u00aa Corintios 4:6: <\/i><\/b><\/p>\n<p>\u201cPorque Dios, que mand\u00f3 que de las tinieblas resplandeciese la luz, es <b>el que resplandeci\u00f3 en nuestros corazones<\/b>, para iluminaci\u00f3n del conocimiento de la gloria de Dios en la faz de Jesucristo.\u201d<\/p>\n<p><b><i>1\u00aa Pedro 2:9:<\/i><\/b><\/p>\n<p>\u201cAquel que os llam\u00f3 de las tinieblas <b>a su luz admirable<\/b>.\u201d<\/p>\n<p><b><i>2\u00aa Pedro 2:19:<\/i><\/b><\/p>\n<p>\u201cTenemos tambi\u00e9n la palabra prof\u00e9tica m\u00e1s segura, a la cual hac\u00e9is bien en estar atentos <b>como a una antorcha que alumbra en lugar oscuro<\/b>.\u201d<\/p>\n<p><b><i>1\u00aa Juan 2:10:<\/i><\/b><\/p>\n<p>\u201cEl que ama a su hermano, <b>permanece en la luz<\/b>, y en \u00e9l no hay tropiezo.\u201d<\/p>\n<p align=\"center\"><b>19. <\/b><b><i>\u00bfIncienso?<\/i><\/b><b><i><br \/>\n<\/i><\/b><b>S\u00f3lo la vida redimida y obediente rinde el grato olor que Dios busca.<\/b><b><i><\/i><\/b><\/p>\n<p><b><i>Isa\u00edas 1:13:<\/i><\/b><\/p>\n<p><b><i>\u00a0\u00a0\u00a0\u00a0\u00a0\u00a0\u00a0\u00a0\u00a0\u00a0\u00a0 <\/i><\/b>\u201cNo me traig\u00e1is m\u00e1s vana ofrenda; <b>el incienso me es abominaci\u00f3n<\/b>\u2026\u201d<a href=\"https:\/\/i0.wp.com\/ntmu.net\/wp-content\/uploads\/2013\/03\/image039.gif\"><img data-attachment-id=\"615\" data-permalink=\"https:\/\/ntmu.net\/?attachment_id=615\" data-orig-file=\"https:\/\/i0.wp.com\/ntmu.net\/wp-content\/uploads\/2013\/03\/image039.gif?fit=204%2C428&amp;ssl=1\" data-orig-size=\"204,428\" data-comments-opened=\"0\" data-image-meta=\"{&quot;aperture&quot;:&quot;0&quot;,&quot;credit&quot;:&quot;&quot;,&quot;camera&quot;:&quot;&quot;,&quot;caption&quot;:&quot;&quot;,&quot;created_timestamp&quot;:&quot;0&quot;,&quot;copyright&quot;:&quot;&quot;,&quot;focal_length&quot;:&quot;0&quot;,&quot;iso&quot;:&quot;0&quot;,&quot;shutter_speed&quot;:&quot;0&quot;,&quot;title&quot;:&quot;&quot;}\" data-image-title=\"image039\" data-image-description=\"\" data-medium-file=\"https:\/\/i0.wp.com\/ntmu.net\/wp-content\/uploads\/2013\/03\/image039.gif?fit=142%2C300&amp;ssl=1\" data-large-file=\"https:\/\/i0.wp.com\/ntmu.net\/wp-content\/uploads\/2013\/03\/image039.gif?fit=204%2C428&amp;ssl=1\" loading=\"lazy\" class=\"size-medium wp-image-615 alignright\" style=\"margin: 10px;\" alt=\"image039\" src=\"https:\/\/i0.wp.com\/ntmu.net\/wp-content\/uploads\/2013\/03\/image039.gif?resize=142%2C300\" width=\"142\" height=\"300\" data-recalc-dims=\"1\" \/><\/a><b><i> <\/i><\/b><\/p>\n<p><b><i>Jerem\u00edas 6:20; 44:15-25:<\/i><\/b><\/p>\n<p><b><i>\u00a0\u00a0\u00a0\u00a0\u00a0\u00a0\u00a0\u00a0\u00a0\u00a0\u00a0 <\/i><\/b>\u201c\u00bfPara qu\u00e9 a m\u00ed este <b>incienso<\/b>\u2026? Vuestros holocaustos <b>no son aceptables, ni vuestros sacrificios me agradan<\/b>.\u201d<\/p>\n<p>\u201c\u2018Ciertamente pondremos por obra toda palabra que ha salido de nuestra boca, <b>para ofrecer incienso a la reina del cielo<\/b>\u2026, como hemos hecho nosotros y nuestros padres, nuestros reyes y nuestros pr\u00edncipes\u2026\u2019 \u00bfNo se ha acordado el <b>Se\u00f1or<\/b>, y no ha venido a su memoria <b>el incienso que ofrecisteis<\/b>\u2026? Y no pudo sufrirlo m\u00e1s el <b>Se\u00f1or<\/b>, a causa de la maldad de vuestras obras, a causa de las abominaciones que hab\u00edais hecho\u2026 Porque ofrecisteis incienso y pecasteis contra el <b>Se\u00f1or<\/b>, y no obedecisteis a la voz del <b>Se\u00f1or<\/b>, ni anduvisteis en su ley ni en sus estatutos ni en sus testimonios\u2026 As\u00ed ha hablado el <b>Se\u00f1or<\/b>\u2026: Vosotros y vuestras mujeres hablasteis con vuestras bocas, y con vuestras manos lo ejecutasteis, diciendo: \u2018Cumpliremos efectivamente nuestros votos que hicimos, de <b>ofrecer incienso a la reina del cielo<\/b>\u2026\u2019, confirm\u00e1is a la verdad vuestros votos, y pon\u00e9is vuestros votos por obra.\u201d<\/p>\n<p><b><i>Juan 4:23-24: <\/i><\/b><\/p>\n<p>\u201cLa hora viene, y ahora es, cuando <b>los verdaderos adoradores<\/b> adorar\u00e1n al Padre <b>en esp\u00edritu y en verdad<\/b>; porque tambi\u00e9n el Padre tales adoradores busca que le adoren. Dios es Esp\u00edritu; y los que le adoran, <b>en esp\u00edritu y en verdad<\/b> es necesario que adoren.\u201d<\/p>\n<p><b><i>2\u00aa Corintios 2:15-16:<\/i><\/b><\/p>\n<p>\u201cPara Dios <b>somos grato olor de Cristo<\/b> en los que se salvan, y en los que se pierden; a \u00e9stos ciertamente olor de muerte para muerte, y a aqu\u00e9llos olor de vida para vida.\u201d<\/p>\n<p><b><i>Efesios 5:2:<\/i><\/b><\/p>\n<p>\u201cAndad en amor, como tambi\u00e9n Cristo nos am\u00f3, y se entreg\u00f3 a s\u00ed mismo por nosotros, ofrenda y sacrificio a Dios en <b>olor<\/b><b> fragante<\/b>.\u201d<\/p>\n<p><b><i>Colosenses 2:23: <\/i><\/b><\/p>\n<p>\u201cTales cosas tienen a la verdad cierta reputaci\u00f3n de sabidur\u00eda en culto voluntario&#8230;; pero <b>no tienen valor alguno<\/b> contra los apetitos de la carne.\u201d<\/p>\n<p><b><i>Apocalipsis 5:8:<\/i><\/b><\/p>\n<p><i>(En el cielo habr\u00e1)<\/i> \u201ccopas de oro llenas de incienso, que <b>son las oraciones<\/b> de los santos\u201d <i>(creyentes).<\/i><\/p>\n<p align=\"center\"><b>20. <\/b><b><i>\u00bfRoma? \u00bfCiudad Eterna? \u00bfSanta Sede? \u00bfVaticano? \u00bfBas\u00edlica de San Pedro?<\/i><\/b><b><i><br \/>\n<\/i><\/b><b>No hay ya \u201csantuario\u201d terrenal para el \u201cciudadano del cielo\u201d. S\u00f3lo reconoce la \u201cciudad celestial\u201d y la \u201ccasa celestial\u201d. <\/b><b><i><\/i><\/b><\/p>\n<p><b><i>Salmo 127:1:<\/i><\/b><\/p>\n<p>\u201cSi el <b>Se\u00f1or<\/b> no edificare la casa, <b>en vano<\/b> trabajan los que la edifican.\u201d<a href=\"https:\/\/i1.wp.com\/ntmu.net\/wp-content\/uploads\/2013\/03\/image041.gif\"><img data-attachment-id=\"616\" data-permalink=\"https:\/\/ntmu.net\/?attachment_id=616\" data-orig-file=\"https:\/\/i1.wp.com\/ntmu.net\/wp-content\/uploads\/2013\/03\/image041.gif?fit=374%2C256&amp;ssl=1\" data-orig-size=\"374,256\" data-comments-opened=\"0\" data-image-meta=\"{&quot;aperture&quot;:&quot;0&quot;,&quot;credit&quot;:&quot;&quot;,&quot;camera&quot;:&quot;&quot;,&quot;caption&quot;:&quot;&quot;,&quot;created_timestamp&quot;:&quot;0&quot;,&quot;copyright&quot;:&quot;&quot;,&quot;focal_length&quot;:&quot;0&quot;,&quot;iso&quot;:&quot;0&quot;,&quot;shutter_speed&quot;:&quot;0&quot;,&quot;title&quot;:&quot;&quot;}\" data-image-title=\"image041\" data-image-description=\"\" data-medium-file=\"https:\/\/i1.wp.com\/ntmu.net\/wp-content\/uploads\/2013\/03\/image041.gif?fit=300%2C205&amp;ssl=1\" data-large-file=\"https:\/\/i1.wp.com\/ntmu.net\/wp-content\/uploads\/2013\/03\/image041.gif?fit=374%2C256&amp;ssl=1\" loading=\"lazy\" class=\"size-medium wp-image-616 alignright\" style=\"margin: 10px;\" alt=\"image041\" src=\"https:\/\/i1.wp.com\/ntmu.net\/wp-content\/uploads\/2013\/03\/image041.gif?resize=300%2C205\" width=\"300\" height=\"205\" data-recalc-dims=\"1\" \/><\/a><\/p>\n<p><b><i>Hechos 7:48-51; 17:24-25:<\/i><\/b><\/p>\n<p>\u201cEl Alt\u00edsimo <b>no habita en templos hechos de mano<\/b>, como dice el profeta: \u2018El cielo es mi trono, y la tierra el estrado de mis pies. <b>\u00bfQu\u00e9 casa me edificar\u00e9is?<\/b>\u2019 dice el Se\u00f1or; \u2018\u00bfo cu\u00e1l es el lugar de mi reposo? \u00bfNo hizo mi mano todas estas cosas?\u2019 <b>\u00a1Duros de cerviz, e incircuncisos de coraz\u00f3n y de o\u00eddos! Vosotros resist\u00eds siempre al Esp\u00edritu Santo; como vuestros padres, as\u00ed tambi\u00e9n vosotros<\/b>.\u201d<\/p>\n<p>\u201cEl Dios que hizo el mundo y todas las cosas que en \u00e9l hay, siendo Se\u00f1or del cielo y de la tierra, <b>no habita en templos hechos por manos humanas<\/b>, ni es honrado por manos de hombres, como si necesitase de algo; pues \u00e9l es quien da a todos vida y aliento y todas las cosas.\u201d<\/p>\n<p><b><i>Efesios 2:21-22:<\/i><\/b><\/p>\n<p>\u201c<b>Jesucristo mismo<\/b>, en quien <b>todo el edificio<\/b>, bien coordinado, va creciendo <b>para ser un templo santo en el Se\u00f1or<\/b>; en quien vosotros tambi\u00e9n sois juntamente edificados para morada de Dios en el Esp\u00edritu.\u201d<\/p>\n<p><b><i>Filipenses 3:18-20:<\/i><\/b><\/p>\n<p>\u201cPor ah\u00ed andan muchos, de los cuales os dije muchas veces, y aun ahora lo digo llorando, que son enemigos de la cruz de Cristo; el fin de los cuales ser\u00e1 perdici\u00f3n, cuyo dios es el vientre, y cuya gloria es su verg\u00fcenza; <b>que s\u00f3lo piensan en lo terrenal<\/b>. Mas <b>nuestra ciudadan\u00eda est\u00e1 en los cielos<\/b>, de donde tambi\u00e9n esperamos al Salvador, al Se\u00f1or Jesucristo\u201d<b><i><\/i><\/b><\/p>\n<p><b><i>Hebreos 10:19-22; 11:10, 15-16; 13:14:<\/i><\/b><\/p>\n<p><i>\u201c<\/i>As\u00ed que, hermanos<b>, teniendo libertad para entrar en el Lugar Sant\u00edsimo por la sangre de Jesucristo<\/b>, por el camino nuevo y vivo que \u00e9l nos abri\u00f3 a trav\u00e9s del velo, esto es, de su carne, y <b>teniendo un gran sacerdote sobre la casa de Dios<\/b>, <b>acerqu\u00e9monos<\/b> con coraz\u00f3n sincero, en plena certidumbre de fe\u2026\u201d<\/p>\n<p>\u201c<b>La ciudad que tiene fundamentos, cuyo arquitecto y constructor es Dios.<\/b>\u201d<\/p>\n<p>\u201cSi hubiesen estado pensando en aquella de donde salieron, ciertamente ten\u00edan tiempo de volver. Pero <b>anhelaban una mejor<\/b>, esto es, <b>celestial<\/b>; por lo cual Dios no se averg\u00fcenza de llamarse Dios de ellos; porque <b>les ha preparado una ciudad<\/b>.\u201d<\/p>\n<p>\u201c<b>No tenemos aqu\u00ed ciudad permanente, sino que buscamos la por venir<\/b>.\u201d<\/p>\n<p><b><i>Apocalipsis 17:1-6, 9, 15, 18; 18:1-9, 16-17; 19:1-6:<\/i><\/b><\/p>\n<p>\u201cVino entonces uno de los siete \u00e1ngeles que ten\u00edan las siete copas, y habl\u00f3 conmigo dici\u00e9ndome: \u2018Ven ac\u00e1, y te mostrar\u00e9 la sentencia contra <b>la gran ramera<\/b>, la que est\u00e1 sentada sobre muchas aguas; con la cual han fornicado los reyes de la tierra, y los moradores de la tierra se han embriagado con el vino de su fornicaci\u00f3n\u2019. Y me llev\u00f3 en el Esp\u00edritu al desierto; y vi a una mujer sentada sobre una bestia escarlata llena de nombres de blasfemia, que ten\u00eda siete cabezas y diez cuernos. Y la mujer estaba vestida de <b>p\u00farpura <\/b>y<b> escarlata<\/b>, y <b>adornada <\/b>de<b> oro<\/b>, de<b> piedras preciosas <\/b>y de<b> perlas<\/b>, y ten\u00eda en la mano un c\u00e1liz de<b> oro<\/b>, lleno de abominaciones y de la inmundicia de su fornicaci\u00f3n; y en su frente un nombre escrito, un misterio: \u2018BABILONIA LA GRANDE, LA MADRE DE LAS RAMERAS Y DE LAS ABOMINACIONES DE LA TIERRA\u2019. Vi a la mujer <b>ebria de la sangre de los santos, y de la sangre de los m\u00e1rtires de Jes\u00fas<\/b>; y cuando la vi, <b>qued\u00e9 asombrado con gran asombro<\/b>.\u201d<\/p>\n<p>\u201cEsto, para la mente que tenga sabidur\u00eda: \u2018Las siete cabezas son <b>siete montes<\/b>, sobre los cuales se sienta la mujer\u2026\u2019\u201d<\/p>\n<p>\u201cMe dijo tambi\u00e9n: \u2018Las aguas que has visto donde la ramera se sienta, son <b>pueblos, muchedumbres, naciones y lenguas<\/b>\u2019.\u201d<\/p>\n<p>\u201cY la mujer que has visto es <b>la gran ciudad que reina sobre los reyes de la tierra<\/b>.\u201d<\/p>\n<p>\u201cDespu\u00e9s de esto vi a otro \u00e1ngel descender del cielo con gran poder; y la tierra fue alumbrada con su gloria. Y clam\u00f3 con voz potente, diciendo: <b>Ha ca\u00eddo, ha ca\u00eddo la gran Babilonia<\/b>, y se ha hecho habitaci\u00f3n de demonios y guarida de todo esp\u00edritu inmundo, y albergue de toda ave inmunda y aborrecible. Porque todas las naciones han bebido del vino del furor de su fornicaci\u00f3n; y los reyes de la tierra han fornicado con ella, y los mercaderes de la tierra se han enriquecido de la potencia de sus deleites. Y o\u00ed otra voz del cielo, que dec\u00eda: <b>Salid de ella, pueblo m\u00edo<\/b>, para que no se\u00e1is part\u00edcipes de sus pecados, ni recib\u00e1is parte de sus plagas; porque sus pecados han llegado hasta el cielo, y Dios se ha acordado de sus maldades. Dadle a ella como ella os ha dado, y pagadle doble seg\u00fan sus obras; en el c\u00e1liz en que ella prepar\u00f3 bebida, preparadle a ella el doble. Cuanto ella se ha glorificado y ha vivido en deleites, tanto dadle de tormento y llanto; porque dice en su coraz\u00f3n: Yo estoy sentada como reina, y no soy viuda, y no ver\u00e9 llanto; por lo cual en un solo d\u00eda vendr\u00e1n sus plagas; muerte, llanto y hambre, y ser\u00e1 quemada con fuego; porque poderoso es Dios el Se\u00f1or, que la juzga. Y los reyes de la tierra que han fornicado con ella, y con ella han vivido en deleites, llorar\u00e1n y har\u00e1n lamentaci\u00f3n sobre ella, cuando vean el humo de su incendio\u2026\u201d<\/p>\n<p>\u201c\u00a1Ay, ay, de la gran ciudad, que estaba <b>vestida de lino fino, de p\u00farpura y de escarlata, y estaba adornada de oro, de piedras preciosas y de perlas<\/b>! Porque en una hora han sido consumidas tantas riquezas.\u201d<\/p>\n<p style=\"text-align: left;\" align=\"center\">\u201cDespu\u00e9s de esto o\u00ed una gran voz de gran multitud en el cielo, que dec\u00eda: \u2018\u00a1Aleluya! Salvaci\u00f3n y honra y gloria y poder son del Se\u00f1or Dios nuestro; porque sus juicios son verdaderos y justos; pues ha juzgado a la gran ramera que ha corrompido a la tierra con su fornicaci\u00f3n, y ha vengado la sangre de sus siervos de la mano de ella\u2019. Otra vez dijeron: \u2018\u00a1Aleluya!\u2019 Y el humo de ella sube por los siglos de los siglos\u2026 <b>\u2018\u00a1Aleluya, porque el Se\u00f1or nuestro Dios Todopoderoso reina!\u2019<\/b>\u201d<\/p>\n<p align=\"center\"><a href=\"https:\/\/i2.wp.com\/ntmu.net\/wp-content\/uploads\/2013\/03\/image043.jpg\"><img data-attachment-id=\"617\" data-permalink=\"https:\/\/ntmu.net\/?attachment_id=617\" data-orig-file=\"https:\/\/i2.wp.com\/ntmu.net\/wp-content\/uploads\/2013\/03\/image043.jpg?fit=614%2C183&amp;ssl=1\" data-orig-size=\"614,183\" data-comments-opened=\"0\" data-image-meta=\"{&quot;aperture&quot;:&quot;0&quot;,&quot;credit&quot;:&quot;&quot;,&quot;camera&quot;:&quot;&quot;,&quot;caption&quot;:&quot;&quot;,&quot;created_timestamp&quot;:&quot;0&quot;,&quot;copyright&quot;:&quot;&quot;,&quot;focal_length&quot;:&quot;0&quot;,&quot;iso&quot;:&quot;0&quot;,&quot;shutter_speed&quot;:&quot;0&quot;,&quot;title&quot;:&quot;&quot;}\" data-image-title=\"image043\" data-image-description=\"\" data-medium-file=\"https:\/\/i2.wp.com\/ntmu.net\/wp-content\/uploads\/2013\/03\/image043.jpg?fit=300%2C89&amp;ssl=1\" data-large-file=\"https:\/\/i2.wp.com\/ntmu.net\/wp-content\/uploads\/2013\/03\/image043.jpg?fit=614%2C183&amp;ssl=1\" loading=\"lazy\" width=\"614\" height=\"183\" class=\"alignnone size-medium wp-image-617\" alt=\"image043\" src=\"https:\/\/i2.wp.com\/ntmu.net\/wp-content\/uploads\/2013\/03\/image043.jpg?resize=614%2C183\" srcset=\"https:\/\/i2.wp.com\/ntmu.net\/wp-content\/uploads\/2013\/03\/image043.jpg?w=614&amp;ssl=1 614w, https:\/\/i2.wp.com\/ntmu.net\/wp-content\/uploads\/2013\/03\/image043.jpg?resize=300%2C89&amp;ssl=1 300w\" sizes=\"(max-width: 614px) 100vw, 614px\" data-recalc-dims=\"1\" \/><\/a><\/p>\n<p align=\"center\"><b>te<\/b><b> pueden hacer sabio<br \/>\npara la salvaci\u00f3n por la fe<br \/>\nque es en Cristo Jes\u00fas.<br \/>\nToda la Escritura es<br \/>\ninspirada por Dios, y \u00fatil<br \/>\npara ense\u00f1ar,<br \/>\npara redarg\u00fcir,<br \/>\npara corregir,<br \/>\npara instruir en justicia, <\/b><br \/>\n<b>a fin de que el hombre de Dios<br \/>\nsea perfecto,<br \/>\nenteramente preparado<br \/>\npara toda buena obra.\u201d<\/b><b><\/b><\/p>\n<p><i>2\u00aa Timoteo 3:15-17<\/i><b> <\/b><i> \u00a0<\/i><\/p>\n<p><b>En<\/b>\u00a0 <b>\u201c<\/b><b><span style=\"text-decoration: underline;\">I<\/span><\/b><b><span style=\"text-decoration: underline;\">mpactos <\/span><\/b><b><span style=\"text-decoration: underline;\">H<\/span><\/b><b><span style=\"text-decoration: underline;\">ist\u00f3ricos<\/span><\/b><b>\u201d, de este mismo men\u00fa, el lector tiene un resumen de toda la historia cristiana. Se trata de una presentaci\u00f3n breve y amena, que en su conclusi\u00f3n se\u00f1ala adem\u00e1s el camino de retorno al Manantial abierto. <\/b><br \/>\n<b>Es un librito-e que abarca desde la destrucci\u00f3n del templo de Jerusal\u00e9n en el a\u00f1o AD 70 hasta el Concilio Vaticano II de 1962. <\/b><\/p>\n<div class=\"sharedaddy sd-sharing-enabled\"><div class=\"robots-nocontent sd-block sd-social sd-social-icon-text sd-sharing\"><h3 class=\"sd-title\">Share this:<\/h3><div class=\"sd-content\"><ul><li class=\"share-facebook\"><a rel=\"nofollow noopener noreferrer\" data-shared=\"sharing-facebook-599\" class=\"share-facebook sd-button share-icon\" href=\"https:\/\/ntmu.net\/?p=599&amp;share=facebook\" target=\"_blank\" title=\"Click to share on Facebook\"><span>Facebook<\/span><\/a><\/li><li class=\"share-linkedin\"><a rel=\"nofollow noopener noreferrer\" data-shared=\"sharing-linkedin-599\" class=\"share-linkedin sd-button share-icon\" href=\"https:\/\/ntmu.net\/?p=599&amp;share=linkedin\" target=\"_blank\" title=\"Click to share on LinkedIn\"><span>LinkedIn<\/span><\/a><\/li><li class=\"share-twitter\"><a rel=\"nofollow noopener noreferrer\" data-shared=\"sharing-twitter-599\" class=\"share-twitter sd-button share-icon\" href=\"https:\/\/ntmu.net\/?p=599&amp;share=twitter\" target=\"_blank\" title=\"Click to share on Twitter\"><span>Twitter<\/span><\/a><\/li><li class=\"share-print\"><a rel=\"nofollow noopener noreferrer\" data-shared=\"\" class=\"share-print sd-button share-icon\" href=\"https:\/\/ntmu.net\/?p=599\" target=\"_blank\" title=\"Click to print\"><span>Print<\/span><\/a><\/li><li class=\"share-end\"><\/li><\/ul><\/div><\/div><\/div>","protected":false},"excerpt":{"rendered":"<p>Se trata de tus creencias&#8230; \u00bfde d\u00f3nde brotaron?\u00a0\u00a0\u00a0 \u00a0Jaime van Heiningen Principalmente hay dos fuentes: la de Las Escrituras y la del Romanismo. No es que la &#8220;fuente romana&#8221; no tenga ciertas verdades b\u00edblicas incorporadas. S\u00ed, las tiene, pero \u00e9stas han sido sagazmente entrelazadas con conceptos contrarios, conceptos antib\u00edblicos; no s\u00f3lo entrelazadas, sino supeditadas a [&hellip;]<\/p>\n<div class=\"sharedaddy sd-sharing-enabled\"><div class=\"robots-nocontent sd-block sd-social sd-social-icon-text sd-sharing\"><h3 class=\"sd-title\">Share this:<\/h3><div class=\"sd-content\"><ul><li class=\"share-facebook\"><a rel=\"nofollow noopener noreferrer\" data-shared=\"sharing-facebook-599\" class=\"share-facebook sd-button share-icon\" href=\"https:\/\/ntmu.net\/?p=599&amp;share=facebook\" target=\"_blank\" title=\"Click to share on Facebook\"><span>Facebook<\/span><\/a><\/li><li class=\"share-linkedin\"><a rel=\"nofollow noopener noreferrer\" data-shared=\"sharing-linkedin-599\" class=\"share-linkedin sd-button share-icon\" href=\"https:\/\/ntmu.net\/?p=599&amp;share=linkedin\" target=\"_blank\" title=\"Click to share on LinkedIn\"><span>LinkedIn<\/span><\/a><\/li><li class=\"share-twitter\"><a rel=\"nofollow noopener noreferrer\" data-shared=\"sharing-twitter-599\" class=\"share-twitter sd-button share-icon\" href=\"https:\/\/ntmu.net\/?p=599&amp;share=twitter\" target=\"_blank\" title=\"Click to share on Twitter\"><span>Twitter<\/span><\/a><\/li><li class=\"share-print\"><a rel=\"nofollow noopener noreferrer\" data-shared=\"\" class=\"share-print sd-button share-icon\" href=\"https:\/\/ntmu.net\/?p=599\" target=\"_blank\" title=\"Click to print\"><span>Print<\/span><\/a><\/li><li class=\"share-end\"><\/li><\/ul><\/div><\/div><\/div>","protected":false},"author":1,"featured_media":0,"comment_status":"closed","ping_status":"closed","sticky":false,"template":"","format":"standard","meta":{"spay_email":"","jetpack_publicize_message":"","jetpack_is_tweetstorm":false},"categories":[10],"tags":[],"jetpack_featured_media_url":"","jetpack_publicize_connections":[],"jetpack_sharing_enabled":true,"jetpack_shortlink":"https:\/\/wp.me\/pd9LLw-9F","_links":{"self":[{"href":"https:\/\/ntmu.net\/index.php?rest_route=\/wp\/v2\/posts\/599"}],"collection":[{"href":"https:\/\/ntmu.net\/index.php?rest_route=\/wp\/v2\/posts"}],"about":[{"href":"https:\/\/ntmu.net\/index.php?rest_route=\/wp\/v2\/types\/post"}],"author":[{"embeddable":true,"href":"https:\/\/ntmu.net\/index.php?rest_route=\/wp\/v2\/users\/1"}],"replies":[{"embeddable":true,"href":"https:\/\/ntmu.net\/index.php?rest_route=%2Fwp%2Fv2%2Fcomments&post=599"}],"version-history":[{"count":4,"href":"https:\/\/ntmu.net\/index.php?rest_route=\/wp\/v2\/posts\/599\/revisions"}],"predecessor-version":[{"id":1417,"href":"https:\/\/ntmu.net\/index.php?rest_route=\/wp\/v2\/posts\/599\/revisions\/1417"}],"wp:attachment":[{"href":"https:\/\/ntmu.net\/index.php?rest_route=%2Fwp%2Fv2%2Fmedia&parent=599"}],"wp:term":[{"taxonomy":"category","embeddable":true,"href":"https:\/\/ntmu.net\/index.php?rest_route=%2Fwp%2Fv2%2Fcategories&post=599"},{"taxonomy":"post_tag","embeddable":true,"href":"https:\/\/ntmu.net\/index.php?rest_route=%2Fwp%2Fv2%2Ftags&post=599"}],"curies":[{"name":"wp","href":"https:\/\/api.w.org\/{rel}","templated":true}]}}